{"id":6389,"date":"2025-02-11T11:59:19","date_gmt":"2025-02-11T14:59:19","guid":{"rendered":"http:\/\/cultura.sma.gob.ar\/?p=6389"},"modified":"2025-02-11T11:59:19","modified_gmt":"2025-02-11T14:59:19","slug":"esta-semana-llega-cine-movil-a-san-martin-de-los-andes","status":"publish","type":"post","link":"https:\/\/cultura.sma.gob.ar\/?p=6389","title":{"rendered":"Esta semana llega Cine M\u00f3vil a San Mart\u00edn de los Andes"},"content":{"rendered":"\n<figure class=\"wp-block-image size-large\"><img loading=\"lazy\" decoding=\"async\" width=\"819\" height=\"1024\" src=\"https:\/\/cultura.sma.gob.ar\/wp-content\/uploads\/2025\/02\/SMA-GE0023-Cine-Movil-RRSS_4x5-819x1024.jpg\" alt=\"\" class=\"wp-image-6390\" srcset=\"https:\/\/cultura.sma.gob.ar\/wp-content\/uploads\/2025\/02\/SMA-GE0023-Cine-Movil-RRSS_4x5-819x1024.jpg 819w, https:\/\/cultura.sma.gob.ar\/wp-content\/uploads\/2025\/02\/SMA-GE0023-Cine-Movil-RRSS_4x5-240x300.jpg 240w, https:\/\/cultura.sma.gob.ar\/wp-content\/uploads\/2025\/02\/SMA-GE0023-Cine-Movil-RRSS_4x5-768x960.jpg 768w, https:\/\/cultura.sma.gob.ar\/wp-content\/uploads\/2025\/02\/SMA-GE0023-Cine-Movil-RRSS_4x5-1229x1536.jpg 1229w, https:\/\/cultura.sma.gob.ar\/wp-content\/uploads\/2025\/02\/SMA-GE0023-Cine-Movil-RRSS_4x5-1639x2048.jpg 1639w, https:\/\/cultura.sma.gob.ar\/wp-content\/uploads\/2025\/02\/SMA-GE0023-Cine-Movil-RRSS_4x5-72x90.jpg 72w, https:\/\/cultura.sma.gob.ar\/wp-content\/uploads\/2025\/02\/SMA-GE0023-Cine-Movil-RRSS_4x5-scaled.jpg 2048w\" sizes=\"auto, (max-width: 819px) 100vw, 819px\" \/><\/figure>\n\n\n\n<p>El programa <strong>Cine m\u00f3vil<\/strong> promueve la exhibici\u00f3n de pel\u00edculas argentinas en diferentes localidades del pa\u00eds, llevando proyecciones a lugares que no cuentan con salas de cine, comunidades de dif\u00edcil acceso y espacios no tradicionales de exhibici\u00f3n. <\/p>\n\n\n\n<p>Los cine m\u00f3viles acercan material actualizado y pensado espec\u00edficamente para las diferentes comunidades, con el objetivo de fomentar la diversidad cultural, fortalecer la identidad local, nacional y pluricultural.<\/p>\n\n\n\n<p>Se trata de un proyecto del INCAA que se desarrolla en conjunto con la Subsecretar\u00eda de Cultura de la Provincia de Neuqu\u00e9n y en nuestra ciudad es apoyado por la Secretar\u00eda de Cultura del municipio.<\/p>\n\n\n\n<p><strong>La programaci\u00f3n del 11 al 15 de febrero ser\u00e1 la siguiente:<\/strong><br><strong>Martes 11\/2:<\/strong> &#8211; 13.15hs CDI AITUE (Cnes. del Chapelco) &#8220;RATON PEREZ&#8221;.<br><strong>Mi\u00e9rcoles 12\/2:<\/strong> -10.00hs Esc. N\u00b0 48 (Lago Hermoso) \u201cCAIDOS DEL MAPA\u201d<br>-13.15 Esc. 33 (Quila Quina) \u201cSELKIRK, EL VERDADERO ROBINSON CRUSOE\u201d<br><strong>Jueves 13\/2<\/strong><br>-10hs CDI Pichi rayen (el arenal) &#8220;METEGOL\u201d<br>-20hs Esc. N\u00b0 33 (Quila Quina) \u201cAL ACECHO\u201d<br><strong>Viernes 14\/2:<\/strong><br>-10hs Esc. N\u00b0155 (Pil Pil) \u201cMETEGOL\u201d<br>-14hs. Esc. N\u00b0161 (Payla Menuko) \u201cCUENTOS DE LA SELVA\u201d<br>-18hs. Bib. Pop \u201c4 de Febrero\u201d (B\u00b0 El Arenal) . \u201cEL INVENTOR DE JUEGOS\u201d<br>-2030hs Bip. \u201cPop 9 de Julio\u201d (Centro). \u201cLA ODISEA DE LOS GILES\u201d<br><strong>S\u00e1bado 15\/2<\/strong><br>-21hs. Proyecci\u00f3n de cortos en Noche de las Artes.<br>-22hs. Proyecci\u00f3n de cortos en Noche de las Artes<\/p>\n","protected":false},"excerpt":{"rendered":"<p>El programa Cine m\u00f3vil promueve la exhibici\u00f3n de pel\u00edculas argentinas en diferentes localidades del pa\u00eds, llevando proyecciones a lugares que no cuentan con salas de cine, comunidades de dif\u00edcil acceso y espacios no tradicionales de exhibici\u00f3n. Los cine m\u00f3viles acercan material actualizado y pensado espec\u00edficamente para las diferentes comunidades, con el objetivo de fomentar la diversidad cultural, fortalecer la identidad local, nacional y pluricultural. Se &hellip; <a href=\"https:\/\/cultura.sma.gob.ar\/?p=6389\" class=\"more-link\">Continue reading <span class=\"screen-reader-text\">Esta semana llega Cine M\u00f3vil a San Mart\u00edn de los Andes<\/span><\/a><\/p>\n","protected":false},"author":1,"featured_media":296,"comment_status":"closed","ping_status":"","sticky":false,"template":"","format":"image","meta":{"footnotes":""},"categories":[3,9],"tags":[],"class_list":["post-6389","post","type-post","status-publish","format-image","has-post-thumbnail","hentry","category-eventos-cultura","category-ultimas-noticias","post_format-post-format-image"],"_links":{"self":[{"href":"https:\/\/cultura.sma.gob.ar\/index.php?rest_route=\/wp\/v2\/posts\/6389","targetHints":{"allow":["GET"]}}],"collection":[{"href":"https:\/\/cultura.sma.gob.ar\/index.php?rest_route=\/wp\/v2\/posts"}],"about":[{"href":"https:\/\/cultura.sma.gob.ar\/index.php?rest_route=\/wp\/v2\/types\/post"}],"author":[{"embeddable":true,"href":"https:\/\/cultura.sma.gob.ar\/index.php?rest_route=\/wp\/v2\/users\/1"}],"replies":[{"embeddable":true,"href":"https:\/\/cultura.sma.gob.ar\/index.php?rest_route=%2Fwp%2Fv2%2Fcomments&post=6389"}],"version-history":[{"count":1,"href":"https:\/\/cultura.sma.gob.ar\/index.php?rest_route=\/wp\/v2\/posts\/6389\/revisions"}],"predecessor-version":[{"id":6391,"href":"https:\/\/cultura.sma.gob.ar\/index.php?rest_route=\/wp\/v2\/posts\/6389\/revisions\/6391"}],"wp:featuredmedia":[{"embeddable":true,"href":"https:\/\/cultura.sma.gob.ar\/index.php?rest_route=\/wp\/v2\/media\/296"}],"wp:attachment":[{"href":"https:\/\/cultura.sma.gob.ar\/index.php?rest_route=%2Fwp%2Fv2%2Fmedia&parent=6389"}],"wp:term":[{"taxonomy":"category","embeddable":true,"href":"https:\/\/cultura.sma.gob.ar\/index.php?rest_route=%2Fwp%2Fv2%2Fcategories&post=6389"},{"taxonomy":"post_tag","embeddable":true,"href":"https:\/\/cultura.sma.gob.ar\/index.php?rest_route=%2Fwp%2Fv2%2Ftags&post=6389"}],"curies":[{"name":"wp","href":"https:\/\/api.w.org\/{rel}","templated":true}]}}