{"id":6383,"date":"2025-02-10T12:23:11","date_gmt":"2025-02-10T15:23:11","guid":{"rendered":"http:\/\/cultura.sma.gob.ar\/?p=6383"},"modified":"2025-02-10T12:23:11","modified_gmt":"2025-02-10T15:23:11","slug":"conferencia-abierta-de-monica-toscano-sobre-violencia-en-la-escuela-teatro-san-jose","status":"publish","type":"post","link":"https:\/\/cultura.sma.gob.ar\/?p=6383","title":{"rendered":"Conferencia abierta de M\u00f3nica Toscano sobre violencia en la escuela &#8211; Teatro San Jos\u00e9"},"content":{"rendered":"\n<figure class=\"wp-block-image size-large\"><img loading=\"lazy\" decoding=\"async\" width=\"1024\" height=\"1024\" src=\"https:\/\/cultura.sma.gob.ar\/wp-content\/uploads\/2025\/02\/WhatsApp-Image-2025-02-10-at-10.19.15-AM-1024x1024.jpeg\" alt=\"\" class=\"wp-image-6384\" srcset=\"https:\/\/cultura.sma.gob.ar\/wp-content\/uploads\/2025\/02\/WhatsApp-Image-2025-02-10-at-10.19.15-AM-1024x1024.jpeg 1024w, https:\/\/cultura.sma.gob.ar\/wp-content\/uploads\/2025\/02\/WhatsApp-Image-2025-02-10-at-10.19.15-AM-300x300.jpeg 300w, https:\/\/cultura.sma.gob.ar\/wp-content\/uploads\/2025\/02\/WhatsApp-Image-2025-02-10-at-10.19.15-AM-150x150.jpeg 150w, https:\/\/cultura.sma.gob.ar\/wp-content\/uploads\/2025\/02\/WhatsApp-Image-2025-02-10-at-10.19.15-AM-768x768.jpeg 768w, https:\/\/cultura.sma.gob.ar\/wp-content\/uploads\/2025\/02\/WhatsApp-Image-2025-02-10-at-10.19.15-AM-90x90.jpeg 90w, https:\/\/cultura.sma.gob.ar\/wp-content\/uploads\/2025\/02\/WhatsApp-Image-2025-02-10-at-10.19.15-AM.jpeg 1080w\" sizes=\"auto, (max-width: 1024px) 100vw, 1024px\" \/><\/figure>\n\n\n\n<p>El <strong>28 de febrero a las 18:30 hs<\/strong> se llevar\u00e1 adelante en el<strong> Teatro San Jos\u00e9 <\/strong>de San Mart\u00edn de los Andes la Conferencia de la Escuela Internacional M\u00e9todo M\u00f3nica Toscano Prevention in Act\u00ae: &#8220;Los grupos violentos. Violencia en la escuela. Violencia en las redes. C\u00f3mo colaborar con los j\u00f3venes cuando el riesgo llama a sus puertas con m\u00e1s intensidad que nunca.\u201d<\/p>\n\n\n\n<p><strong>Dirigida a familias, educadores y p\u00fablico en general<\/strong>.<\/p>\n\n\n\n<p><strong>Inscripciones en Librer\u00eda Patalibro o Teatro San Jos\u00e9.<\/strong><\/p>\n\n\n\n<p>&#8220;Nuestra instituci\u00f3n tiene como objetivo fundamental la prevenci\u00f3n de las situaciones de riesgo y de conflicto vividas cotidianamente por los j\u00f3venes desde la infancia hasta la adolescencia.  Ante los dif\u00edciles momentos que viven hoy los j\u00f3venes desde edades cada vez m\u00e1s tempranas tanto en la escuela como hoy extendi\u00e9ndose lamentablemente a las redes, con consecuencias de extrema gravedad como son los golpes, burlas, insultos, exclusi\u00f3n, unido al doloroso incremento de los intentos de suicidio y del pasaje al acto del suicidio mismo, es que se llevar\u00e1 a cabo esta conferencia dirigida a todo p\u00fablico&#8221;, expresaron desde la organizaci\u00f3n.<\/p>\n","protected":false},"excerpt":{"rendered":"<p>El 28 de febrero a las 18:30 hs se llevar\u00e1 adelante en el Teatro San Jos\u00e9 de San Mart\u00edn de los Andes la Conferencia de la Escuela Internacional M\u00e9todo M\u00f3nica Toscano Prevention in Act\u00ae: &#8220;Los grupos violentos. Violencia en la escuela. Violencia en las redes. C\u00f3mo colaborar con los j\u00f3venes cuando el riesgo llama a sus puertas con m\u00e1s intensidad que nunca.\u201d Dirigida a familias, &hellip; <a href=\"https:\/\/cultura.sma.gob.ar\/?p=6383\" class=\"more-link\">Continue reading <span class=\"screen-reader-text\">Conferencia abierta de M\u00f3nica Toscano sobre violencia en la escuela &#8211; Teatro San Jos\u00e9<\/span><\/a><\/p>\n","protected":false},"author":1,"featured_media":292,"comment_status":"closed","ping_status":"","sticky":false,"template":"","format":"image","meta":{"footnotes":""},"categories":[2,8],"tags":[],"class_list":["post-6383","post","type-post","status-publish","format-image","has-post-thumbnail","hentry","category-ciudad-cultural","category-teatro-san-jose","post_format-post-format-image"],"_links":{"self":[{"href":"https:\/\/cultura.sma.gob.ar\/index.php?rest_route=\/wp\/v2\/posts\/6383","targetHints":{"allow":["GET"]}}],"collection":[{"href":"https:\/\/cultura.sma.gob.ar\/index.php?rest_route=\/wp\/v2\/posts"}],"about":[{"href":"https:\/\/cultura.sma.gob.ar\/index.php?rest_route=\/wp\/v2\/types\/post"}],"author":[{"embeddable":true,"href":"https:\/\/cultura.sma.gob.ar\/index.php?rest_route=\/wp\/v2\/users\/1"}],"replies":[{"embeddable":true,"href":"https:\/\/cultura.sma.gob.ar\/index.php?rest_route=%2Fwp%2Fv2%2Fcomments&post=6383"}],"version-history":[{"count":1,"href":"https:\/\/cultura.sma.gob.ar\/index.php?rest_route=\/wp\/v2\/posts\/6383\/revisions"}],"predecessor-version":[{"id":6385,"href":"https:\/\/cultura.sma.gob.ar\/index.php?rest_route=\/wp\/v2\/posts\/6383\/revisions\/6385"}],"wp:featuredmedia":[{"embeddable":true,"href":"https:\/\/cultura.sma.gob.ar\/index.php?rest_route=\/wp\/v2\/media\/292"}],"wp:attachment":[{"href":"https:\/\/cultura.sma.gob.ar\/index.php?rest_route=%2Fwp%2Fv2%2Fmedia&parent=6383"}],"wp:term":[{"taxonomy":"category","embeddable":true,"href":"https:\/\/cultura.sma.gob.ar\/index.php?rest_route=%2Fwp%2Fv2%2Fcategories&post=6383"},{"taxonomy":"post_tag","embeddable":true,"href":"https:\/\/cultura.sma.gob.ar\/index.php?rest_route=%2Fwp%2Fv2%2Ftags&post=6383"}],"curies":[{"name":"wp","href":"https:\/\/api.w.org\/{rel}","templated":true}]}}