{"id":6378,"date":"2025-02-07T09:19:04","date_gmt":"2025-02-07T12:19:04","guid":{"rendered":"http:\/\/cultura.sma.gob.ar\/?p=6378"},"modified":"2025-02-07T09:19:04","modified_gmt":"2025-02-07T12:19:04","slug":"calle-cultural-fau-en-chacra-28","status":"publish","type":"post","link":"https:\/\/cultura.sma.gob.ar\/?p=6378","title":{"rendered":"Calle Cultural: FAU en Chacra 28"},"content":{"rendered":"\n<figure class=\"wp-block-image size-large\"><img loading=\"lazy\" decoding=\"async\" width=\"1024\" height=\"1024\" src=\"https:\/\/cultura.sma.gob.ar\/wp-content\/uploads\/2025\/02\/SMA-TJ0019-Calle-Cultural-FAU-en-Vivo_A-1x1-1-1024x1024.jpg\" alt=\"\" class=\"wp-image-6379\" srcset=\"https:\/\/cultura.sma.gob.ar\/wp-content\/uploads\/2025\/02\/SMA-TJ0019-Calle-Cultural-FAU-en-Vivo_A-1x1-1-1024x1024.jpg 1024w, https:\/\/cultura.sma.gob.ar\/wp-content\/uploads\/2025\/02\/SMA-TJ0019-Calle-Cultural-FAU-en-Vivo_A-1x1-1-300x300.jpg 300w, https:\/\/cultura.sma.gob.ar\/wp-content\/uploads\/2025\/02\/SMA-TJ0019-Calle-Cultural-FAU-en-Vivo_A-1x1-1-150x150.jpg 150w, https:\/\/cultura.sma.gob.ar\/wp-content\/uploads\/2025\/02\/SMA-TJ0019-Calle-Cultural-FAU-en-Vivo_A-1x1-1-768x768.jpg 768w, https:\/\/cultura.sma.gob.ar\/wp-content\/uploads\/2025\/02\/SMA-TJ0019-Calle-Cultural-FAU-en-Vivo_A-1x1-1-1536x1536.jpg 1536w, https:\/\/cultura.sma.gob.ar\/wp-content\/uploads\/2025\/02\/SMA-TJ0019-Calle-Cultural-FAU-en-Vivo_A-1x1-1-2048x2048.jpg 2048w, https:\/\/cultura.sma.gob.ar\/wp-content\/uploads\/2025\/02\/SMA-TJ0019-Calle-Cultural-FAU-en-Vivo_A-1x1-1-90x90.jpg 90w\" sizes=\"auto, (max-width: 1024px) 100vw, 1024px\" \/><\/figure>\n\n\n\n<p>El programa\u00a0<strong>Calle Cultural<\/strong>\u00a0sigue recorriendo los barrios, y el\u00a0<strong>mi\u00e9rcoles 12 de febrero a las 20 hs<\/strong>\u00a0te esperamos en\u00a0<strong>Chacra 28<\/strong>\u00a0(esquina\u00a0<strong>C\u00ba Ventana y Chachil<\/strong>).En esta oportunidad, contaremos con la presentaci\u00f3n de\u00a0<strong>Fau<\/strong>, m\u00fasico y compositor de nuestra localidad, que se destaca en g\u00e9neros como el folk, jazz y rock alternativo. Un concierto lleno de canciones originales y sonoridades \u00fanicas, pensado para compartir con toda la familia.El programa\u00a0<strong>Calle Cultural<\/strong>, creado en 2021 y en su quinto a\u00f1o de realizaci\u00f3n, contin\u00faa ofreciendo propuestas art\u00edsticas abiertas a toda la comunidad.<\/p>\n\n\n\n<p><strong>Nueva fecha y lugar:<\/strong>\u00a0Mi\u00e9rcoles 12 de febrero, Chacra 28 (esquina C\u00ba Ventana y Chachil)<\/p>\n\n\n\n<p><strong>Horario:<\/strong>\u00a020:00 hs<img decoding=\"async\" alt=\"\ud83c\udfb8\" src=\"https:\/\/fonts.gstatic.com\/s\/e\/notoemoji\/16.0\/1f3b8\/32.png\">\u00a0\u00a1No te lo pierdas!<\/p>\n","protected":false},"excerpt":{"rendered":"<p>El programa\u00a0Calle Cultural\u00a0sigue recorriendo los barrios, y el\u00a0mi\u00e9rcoles 12 de febrero a las 20 hs\u00a0te esperamos en\u00a0Chacra 28\u00a0(esquina\u00a0C\u00ba Ventana y Chachil).En esta oportunidad, contaremos con la presentaci\u00f3n de\u00a0Fau, m\u00fasico y compositor de nuestra localidad, que se destaca en g\u00e9neros como el folk, jazz y rock alternativo. Un concierto lleno de canciones originales y sonoridades \u00fanicas, pensado para compartir con toda la familia.El programa\u00a0Calle Cultural, creado &hellip; <a href=\"https:\/\/cultura.sma.gob.ar\/?p=6378\" class=\"more-link\">Continue reading <span class=\"screen-reader-text\">Calle Cultural: FAU en Chacra 28<\/span><\/a><\/p>\n","protected":false},"author":1,"featured_media":292,"comment_status":"closed","ping_status":"","sticky":false,"template":"","format":"image","meta":{"footnotes":""},"categories":[8,9],"tags":[],"class_list":["post-6378","post","type-post","status-publish","format-image","has-post-thumbnail","hentry","category-teatro-san-jose","category-ultimas-noticias","post_format-post-format-image"],"_links":{"self":[{"href":"https:\/\/cultura.sma.gob.ar\/index.php?rest_route=\/wp\/v2\/posts\/6378","targetHints":{"allow":["GET"]}}],"collection":[{"href":"https:\/\/cultura.sma.gob.ar\/index.php?rest_route=\/wp\/v2\/posts"}],"about":[{"href":"https:\/\/cultura.sma.gob.ar\/index.php?rest_route=\/wp\/v2\/types\/post"}],"author":[{"embeddable":true,"href":"https:\/\/cultura.sma.gob.ar\/index.php?rest_route=\/wp\/v2\/users\/1"}],"replies":[{"embeddable":true,"href":"https:\/\/cultura.sma.gob.ar\/index.php?rest_route=%2Fwp%2Fv2%2Fcomments&post=6378"}],"version-history":[{"count":1,"href":"https:\/\/cultura.sma.gob.ar\/index.php?rest_route=\/wp\/v2\/posts\/6378\/revisions"}],"predecessor-version":[{"id":6380,"href":"https:\/\/cultura.sma.gob.ar\/index.php?rest_route=\/wp\/v2\/posts\/6378\/revisions\/6380"}],"wp:featuredmedia":[{"embeddable":true,"href":"https:\/\/cultura.sma.gob.ar\/index.php?rest_route=\/wp\/v2\/media\/292"}],"wp:attachment":[{"href":"https:\/\/cultura.sma.gob.ar\/index.php?rest_route=%2Fwp%2Fv2%2Fmedia&parent=6378"}],"wp:term":[{"taxonomy":"category","embeddable":true,"href":"https:\/\/cultura.sma.gob.ar\/index.php?rest_route=%2Fwp%2Fv2%2Fcategories&post=6378"},{"taxonomy":"post_tag","embeddable":true,"href":"https:\/\/cultura.sma.gob.ar\/index.php?rest_route=%2Fwp%2Fv2%2Ftags&post=6378"}],"curies":[{"name":"wp","href":"https:\/\/api.w.org\/{rel}","templated":true}]}}