{"id":6370,"date":"2025-02-03T17:21:36","date_gmt":"2025-02-03T20:21:36","guid":{"rendered":"http:\/\/cultura.sma.gob.ar\/?p=6370"},"modified":"2025-02-03T17:21:36","modified_gmt":"2025-02-03T20:21:36","slug":"este-viernes-7-inaugura-la-expo-colectiva-de-artistas-locales","status":"publish","type":"post","link":"https:\/\/cultura.sma.gob.ar\/?p=6370","title":{"rendered":"Este viernes 7 inaugura la Expo Colectiva de artistas locales"},"content":{"rendered":"\n<figure class=\"wp-block-image size-large\"><img loading=\"lazy\" decoding=\"async\" width=\"819\" height=\"1024\" src=\"https:\/\/cultura.sma.gob.ar\/wp-content\/uploads\/2025\/02\/WhatsApp-Image-2025-02-03-at-5.18.31-PM-819x1024.jpeg\" alt=\"\" class=\"wp-image-6371\" srcset=\"https:\/\/cultura.sma.gob.ar\/wp-content\/uploads\/2025\/02\/WhatsApp-Image-2025-02-03-at-5.18.31-PM-819x1024.jpeg 819w, https:\/\/cultura.sma.gob.ar\/wp-content\/uploads\/2025\/02\/WhatsApp-Image-2025-02-03-at-5.18.31-PM-240x300.jpeg 240w, https:\/\/cultura.sma.gob.ar\/wp-content\/uploads\/2025\/02\/WhatsApp-Image-2025-02-03-at-5.18.31-PM-768x960.jpeg 768w, https:\/\/cultura.sma.gob.ar\/wp-content\/uploads\/2025\/02\/WhatsApp-Image-2025-02-03-at-5.18.31-PM-72x90.jpeg 72w, https:\/\/cultura.sma.gob.ar\/wp-content\/uploads\/2025\/02\/WhatsApp-Image-2025-02-03-at-5.18.31-PM.jpeg 1125w\" sizes=\"auto, (max-width: 819px) 100vw, 819px\" \/><\/figure>\n\n\n\n<p>Este viernes 7 de febrero, a las 20hs, en la Sala Lidaura Chapitel, inaugura la Exposici\u00f3n Colectiva y Abierta de artistas de San Mart\u00edn de los Andes. <\/p>\n\n\n\n<p>En esta nueva edici\u00f3n, la muestra re\u00fane las producciones visuales de artistas locales que participan de forma abierta en la exposici\u00f3n que se desarrollar\u00e1 durante todo febrero.<\/p>\n\n\n\n<p>Artistas con diferentes recorridos, pertenecientes a diferentes disciplinas y con sus diversas miradas , comparten sus obras en la querida sala municipal de exposiciones Lidaura Chapitel.<\/p>\n","protected":false},"excerpt":{"rendered":"<p>Este viernes 7 de febrero, a las 20hs, en la Sala Lidaura Chapitel, inaugura la Exposici\u00f3n Colectiva y Abierta de artistas de San Mart\u00edn de los Andes. En esta nueva edici\u00f3n, la muestra re\u00fane las producciones visuales de artistas locales que participan de forma abierta en la exposici\u00f3n que se desarrollar\u00e1 durante todo febrero. Artistas con diferentes recorridos, pertenecientes a diferentes disciplinas y con sus &hellip; <a href=\"https:\/\/cultura.sma.gob.ar\/?p=6370\" class=\"more-link\">Continue reading <span class=\"screen-reader-text\">Este viernes 7 inaugura la Expo Colectiva de artistas locales<\/span><\/a><\/p>\n","protected":false},"author":1,"featured_media":295,"comment_status":"closed","ping_status":"","sticky":false,"template":"","format":"image","meta":{"footnotes":""},"categories":[6,9],"tags":[],"class_list":["post-6370","post","type-post","status-publish","format-image","has-post-thumbnail","hentry","category-sala-lidaura-chapitel","category-ultimas-noticias","post_format-post-format-image"],"_links":{"self":[{"href":"https:\/\/cultura.sma.gob.ar\/index.php?rest_route=\/wp\/v2\/posts\/6370","targetHints":{"allow":["GET"]}}],"collection":[{"href":"https:\/\/cultura.sma.gob.ar\/index.php?rest_route=\/wp\/v2\/posts"}],"about":[{"href":"https:\/\/cultura.sma.gob.ar\/index.php?rest_route=\/wp\/v2\/types\/post"}],"author":[{"embeddable":true,"href":"https:\/\/cultura.sma.gob.ar\/index.php?rest_route=\/wp\/v2\/users\/1"}],"replies":[{"embeddable":true,"href":"https:\/\/cultura.sma.gob.ar\/index.php?rest_route=%2Fwp%2Fv2%2Fcomments&post=6370"}],"version-history":[{"count":1,"href":"https:\/\/cultura.sma.gob.ar\/index.php?rest_route=\/wp\/v2\/posts\/6370\/revisions"}],"predecessor-version":[{"id":6372,"href":"https:\/\/cultura.sma.gob.ar\/index.php?rest_route=\/wp\/v2\/posts\/6370\/revisions\/6372"}],"wp:featuredmedia":[{"embeddable":true,"href":"https:\/\/cultura.sma.gob.ar\/index.php?rest_route=\/wp\/v2\/media\/295"}],"wp:attachment":[{"href":"https:\/\/cultura.sma.gob.ar\/index.php?rest_route=%2Fwp%2Fv2%2Fmedia&parent=6370"}],"wp:term":[{"taxonomy":"category","embeddable":true,"href":"https:\/\/cultura.sma.gob.ar\/index.php?rest_route=%2Fwp%2Fv2%2Fcategories&post=6370"},{"taxonomy":"post_tag","embeddable":true,"href":"https:\/\/cultura.sma.gob.ar\/index.php?rest_route=%2Fwp%2Fv2%2Ftags&post=6370"}],"curies":[{"name":"wp","href":"https:\/\/api.w.org\/{rel}","templated":true}]}}