{"id":637,"date":"2020-11-05T22:37:03","date_gmt":"2020-11-06T01:37:03","guid":{"rendered":"http:\/\/cultura.sma.gob.ar\/?p=637"},"modified":"2020-11-05T22:37:03","modified_gmt":"2020-11-06T01:37:03","slug":"homenaje-a-quino-14-feria-regional-del-libro","status":"publish","type":"post","link":"https:\/\/cultura.sma.gob.ar\/?p=637","title":{"rendered":"Homenaje a Quino | 14\u00b0 Feria Regional del Libro"},"content":{"rendered":"\n<figure class=\"wp-block-image size-large\"><img loading=\"lazy\" decoding=\"async\" width=\"1024\" height=\"1024\" src=\"http:\/\/cultura.sma.gob.ar\/wp-content\/uploads\/2020\/11\/calendario-fdl-03-1024x1024.jpg\" alt=\"\" class=\"wp-image-638\" srcset=\"https:\/\/cultura.sma.gob.ar\/wp-content\/uploads\/2020\/11\/calendario-fdl-03-1024x1024.jpg 1024w, https:\/\/cultura.sma.gob.ar\/wp-content\/uploads\/2020\/11\/calendario-fdl-03-300x300.jpg 300w, https:\/\/cultura.sma.gob.ar\/wp-content\/uploads\/2020\/11\/calendario-fdl-03-150x150.jpg 150w, https:\/\/cultura.sma.gob.ar\/wp-content\/uploads\/2020\/11\/calendario-fdl-03-768x768.jpg 768w, https:\/\/cultura.sma.gob.ar\/wp-content\/uploads\/2020\/11\/calendario-fdl-03-1536x1536.jpg 1536w, https:\/\/cultura.sma.gob.ar\/wp-content\/uploads\/2020\/11\/calendario-fdl-03-90x90.jpg 90w, https:\/\/cultura.sma.gob.ar\/wp-content\/uploads\/2020\/11\/calendario-fdl-03.jpg 1875w\" sizes=\"auto, (max-width: 1024px) 100vw, 1024px\" \/><\/figure>\n\n\n\n<p><strong>Joaqu\u00edn Salvador Lavado Tej\u00f3n (Quino)<\/strong><\/p>\n\n\n\n<p>1932, Mendoza \u2013 2020, Buenos Aires.<\/p>\n\n\n\n<p>Dibujante de historieta y humor desde temprana edad. Desde 1954 y hasta la fecha sus dibujos se vienen publicando ininterrumpidamente en infinidad de diarios y revistas de Am\u00e9rica Latina y Europa.<\/p>\n\n\n\n<p>Famoso por su personaje Mafalda, la historieta de igual nombre se public\u00f3 por primera vez en 1964 y en pocos a\u00f1os se convirti\u00f3 en un \u00edcono de la cultura de los a\u00f1os 60. Aunque la tira finaliz\u00f3 en 1973, se sigue reeditando.\u00a0<\/p>\n\n\n\n<p>Por su popularidad y car\u00e1cter contestatario, Mafalda es utilizada muchas veces con fines pedag\u00f3gicos, pol\u00edticos y de denuncia social, utilizando vi\u00f1etas dibujadas por Quino y otras de autores an\u00f3nimos.<\/p>\n\n\n\n<p>En 2014 Quino recibi\u00f3 el Premio Pr\u00edncipe de Asturias de Comunicaci\u00f3n y Humanidades.<\/p>\n","protected":false},"excerpt":{"rendered":"<p>Acto y sorteo de libros. <a href=\"https:\/\/cultura.sma.gob.ar\/?p=637\" class=\"more-link\">Continue reading <span class=\"screen-reader-text\">Homenaje a Quino | 14\u00b0 Feria Regional del Libro<\/span><\/a><\/p>\n","protected":false},"author":1,"featured_media":296,"comment_status":"closed","ping_status":"","sticky":false,"template":"","format":"image","meta":{"footnotes":""},"categories":[3,9],"tags":[],"class_list":["post-637","post","type-post","status-publish","format-image","has-post-thumbnail","hentry","category-eventos-cultura","category-ultimas-noticias","post_format-post-format-image"],"_links":{"self":[{"href":"https:\/\/cultura.sma.gob.ar\/index.php?rest_route=\/wp\/v2\/posts\/637","targetHints":{"allow":["GET"]}}],"collection":[{"href":"https:\/\/cultura.sma.gob.ar\/index.php?rest_route=\/wp\/v2\/posts"}],"about":[{"href":"https:\/\/cultura.sma.gob.ar\/index.php?rest_route=\/wp\/v2\/types\/post"}],"author":[{"embeddable":true,"href":"https:\/\/cultura.sma.gob.ar\/index.php?rest_route=\/wp\/v2\/users\/1"}],"replies":[{"embeddable":true,"href":"https:\/\/cultura.sma.gob.ar\/index.php?rest_route=%2Fwp%2Fv2%2Fcomments&post=637"}],"version-history":[{"count":1,"href":"https:\/\/cultura.sma.gob.ar\/index.php?rest_route=\/wp\/v2\/posts\/637\/revisions"}],"predecessor-version":[{"id":639,"href":"https:\/\/cultura.sma.gob.ar\/index.php?rest_route=\/wp\/v2\/posts\/637\/revisions\/639"}],"wp:featuredmedia":[{"embeddable":true,"href":"https:\/\/cultura.sma.gob.ar\/index.php?rest_route=\/wp\/v2\/media\/296"}],"wp:attachment":[{"href":"https:\/\/cultura.sma.gob.ar\/index.php?rest_route=%2Fwp%2Fv2%2Fmedia&parent=637"}],"wp:term":[{"taxonomy":"category","embeddable":true,"href":"https:\/\/cultura.sma.gob.ar\/index.php?rest_route=%2Fwp%2Fv2%2Fcategories&post=637"},{"taxonomy":"post_tag","embeddable":true,"href":"https:\/\/cultura.sma.gob.ar\/index.php?rest_route=%2Fwp%2Fv2%2Ftags&post=637"}],"curies":[{"name":"wp","href":"https:\/\/api.w.org\/{rel}","templated":true}]}}