{"id":6365,"date":"2025-01-31T15:23:03","date_gmt":"2025-01-31T18:23:03","guid":{"rendered":"http:\/\/cultura.sma.gob.ar\/?p=6365"},"modified":"2025-01-31T15:23:03","modified_gmt":"2025-01-31T18:23:03","slug":"festival-el-mundo-danza-al-pie-del-lanin-cronograma","status":"publish","type":"post","link":"https:\/\/cultura.sma.gob.ar\/?p=6365","title":{"rendered":"Festival El Mundo Danza al pie del Lanin &#8211; Cronograma"},"content":{"rendered":"\n<figure class=\"wp-block-image size-large\"><img loading=\"lazy\" decoding=\"async\" width=\"459\" height=\"579\" src=\"https:\/\/cultura.sma.gob.ar\/wp-content\/uploads\/2025\/01\/Screenshot-2025-01-31-3.22.23-PM.png\" alt=\"\" class=\"wp-image-6367\" srcset=\"https:\/\/cultura.sma.gob.ar\/wp-content\/uploads\/2025\/01\/Screenshot-2025-01-31-3.22.23-PM.png 459w, https:\/\/cultura.sma.gob.ar\/wp-content\/uploads\/2025\/01\/Screenshot-2025-01-31-3.22.23-PM-238x300.png 238w, https:\/\/cultura.sma.gob.ar\/wp-content\/uploads\/2025\/01\/Screenshot-2025-01-31-3.22.23-PM-71x90.png 71w\" sizes=\"auto, (max-width: 459px) 100vw, 459px\" \/><\/figure>\n\n\n\n<p>Del 2 al 11 de febrero, viv\u00ed el Festival Nacional e Internacional <strong>El Mundo Danza Al Pie del Lan\u00edn<\/strong>, una experiencia \u00fanica llena de arte, m\u00fasica y cultura.<\/p>\n\n\n\n<p>Lunes 3:<br>\ud83d\udccc 9:30 a 12:00 &#8211; Talleres abiertos a la comunidad en el Teatro San Jos\u00e9. Las delegaciones ense\u00f1ar\u00e1n sus danzas tradicionales!<br>\ud83d\udccc 20:00 &#8211; Presentaci\u00f3n en Plaza San Mart\u00edn.<br>\ud83d\udccc 22:00 &#8211; Festival de la Vigilia en Barrio Las Rosas.<\/p>\n\n\n\n<p>\u2728 Martes 4:<br>\ud83d\udccc 18:00 &#8211; Desfile C\u00edvico Militar.<br>\ud83d\udccc 22:00 &#8211; Presentaci\u00f3n en Plaza San Mart\u00edn.<\/p>\n\n\n\n<p>\u2728 Mi\u00e9rcoles 5:<br>\ud83d\udccc 9:30 a 12:00 &#8211; Talleres abiertos a la comunidad en el Teatro San Jos\u00e9. Las delegaciones ense\u00f1ar\u00e1n sus danzas tradicionales!<br>\ud83d\udccc 21:00 &#8211; GALA en el Centro Cultural COTESMA. ENTRADAS A LA VENTA!<\/p>\n\n\n\n<p>\u2728 Jueves 6:<br>\ud83d\udccc 12:00 &#8211; Presentaci\u00f3n en la Escuela N\u00ba 33 de Quila Quina.<\/p>\n\n\n\n<figure class=\"wp-block-image size-large\"><img loading=\"lazy\" decoding=\"async\" width=\"819\" height=\"1024\" src=\"https:\/\/cultura.sma.gob.ar\/wp-content\/uploads\/2025\/01\/14-819x1024.png\" alt=\"\" class=\"wp-image-6366\" srcset=\"https:\/\/cultura.sma.gob.ar\/wp-content\/uploads\/2025\/01\/14-819x1024.png 819w, https:\/\/cultura.sma.gob.ar\/wp-content\/uploads\/2025\/01\/14-240x300.png 240w, https:\/\/cultura.sma.gob.ar\/wp-content\/uploads\/2025\/01\/14-768x960.png 768w, https:\/\/cultura.sma.gob.ar\/wp-content\/uploads\/2025\/01\/14-72x90.png 72w, https:\/\/cultura.sma.gob.ar\/wp-content\/uploads\/2025\/01\/14.png 1080w\" sizes=\"auto, (max-width: 819px) 100vw, 819px\" \/><\/figure>\n\n\n\n<p>\ud83d\udccd<strong> JUN\u00cdN DE LOS ANDES<\/strong><\/p>\n\n\n\n<p>\u2728 Viernes 7:<br>\ud83d\udccc 15:00 a 17:00 &#8211; Talleres abiertos a la comunidad en la Casa de las Culturas. Las delegaciones ense\u00f1ar\u00e1n sus danzas tradicionales!<br>\ud83d\udccc 20:00 &#8211; Apertura del Escenario Art\u00edstico en el Carnaval del Pehu\u00e9n.<\/p>\n\n\n\n<p>\u2728 S\u00e1bado 8:<br>\ud83d\udccc 15:00 a 17:00 &#8211; Talleres abiertos a la comunidad en la Casa de las Culturas. Las delegaciones ense\u00f1ar\u00e1n sus danzas tradicionales!<br>\ud83d\udccc 20:00 &#8211; Apertura del Escenario Art\u00edstico en el Carnaval del Pehu\u00e9n.<\/p>\n\n\n\n<p>\u2728 Domingo 9:<br>\ud83d\udccc 20:30 &#8211; Pe\u00f1a en La Casa del Bicentenario.<\/p>\n","protected":false},"excerpt":{"rendered":"<p>Del 2 al 11 de febrero, viv\u00ed el Festival Nacional e Internacional El Mundo Danza Al Pie del Lan\u00edn, una experiencia \u00fanica llena de arte, m\u00fasica y cultura. Lunes 3:\ud83d\udccc 9:30 a 12:00 &#8211; Talleres abiertos a la comunidad en el Teatro San Jos\u00e9. Las delegaciones ense\u00f1ar\u00e1n sus danzas tradicionales!\ud83d\udccc 20:00 &#8211; Presentaci\u00f3n en Plaza San Mart\u00edn.\ud83d\udccc 22:00 &#8211; Festival de la Vigilia en Barrio &hellip; <a href=\"https:\/\/cultura.sma.gob.ar\/?p=6365\" class=\"more-link\">Continue reading <span class=\"screen-reader-text\">Festival El Mundo Danza al pie del Lanin &#8211; Cronograma<\/span><\/a><\/p>\n","protected":false},"author":1,"featured_media":297,"comment_status":"closed","ping_status":"","sticky":false,"template":"","format":"image","meta":{"footnotes":""},"categories":[2,9],"tags":[],"class_list":["post-6365","post","type-post","status-publish","format-image","has-post-thumbnail","hentry","category-ciudad-cultural","category-ultimas-noticias","post_format-post-format-image"],"_links":{"self":[{"href":"https:\/\/cultura.sma.gob.ar\/index.php?rest_route=\/wp\/v2\/posts\/6365","targetHints":{"allow":["GET"]}}],"collection":[{"href":"https:\/\/cultura.sma.gob.ar\/index.php?rest_route=\/wp\/v2\/posts"}],"about":[{"href":"https:\/\/cultura.sma.gob.ar\/index.php?rest_route=\/wp\/v2\/types\/post"}],"author":[{"embeddable":true,"href":"https:\/\/cultura.sma.gob.ar\/index.php?rest_route=\/wp\/v2\/users\/1"}],"replies":[{"embeddable":true,"href":"https:\/\/cultura.sma.gob.ar\/index.php?rest_route=%2Fwp%2Fv2%2Fcomments&post=6365"}],"version-history":[{"count":1,"href":"https:\/\/cultura.sma.gob.ar\/index.php?rest_route=\/wp\/v2\/posts\/6365\/revisions"}],"predecessor-version":[{"id":6368,"href":"https:\/\/cultura.sma.gob.ar\/index.php?rest_route=\/wp\/v2\/posts\/6365\/revisions\/6368"}],"wp:featuredmedia":[{"embeddable":true,"href":"https:\/\/cultura.sma.gob.ar\/index.php?rest_route=\/wp\/v2\/media\/297"}],"wp:attachment":[{"href":"https:\/\/cultura.sma.gob.ar\/index.php?rest_route=%2Fwp%2Fv2%2Fmedia&parent=6365"}],"wp:term":[{"taxonomy":"category","embeddable":true,"href":"https:\/\/cultura.sma.gob.ar\/index.php?rest_route=%2Fwp%2Fv2%2Fcategories&post=6365"},{"taxonomy":"post_tag","embeddable":true,"href":"https:\/\/cultura.sma.gob.ar\/index.php?rest_route=%2Fwp%2Fv2%2Ftags&post=6365"}],"curies":[{"name":"wp","href":"https:\/\/api.w.org\/{rel}","templated":true}]}}