{"id":6356,"date":"2025-01-23T09:07:50","date_gmt":"2025-01-23T12:07:50","guid":{"rendered":"http:\/\/cultura.sma.gob.ar\/?p=6356"},"modified":"2025-01-23T09:07:50","modified_gmt":"2025-01-23T12:07:50","slug":"nueva-calle-cultural-en-el-barrio-cantera-28-de-enero-a-las-20hs","status":"publish","type":"post","link":"https:\/\/cultura.sma.gob.ar\/?p=6356","title":{"rendered":"Nueva Calle Cultural en el Barrio Cantera: 28 de enero a las 20hs"},"content":{"rendered":"\n<figure class=\"wp-block-image size-large\"><img loading=\"lazy\" decoding=\"async\" width=\"1024\" height=\"1024\" src=\"https:\/\/cultura.sma.gob.ar\/wp-content\/uploads\/2025\/01\/SMA-TJ0019-Calle-Cultural-Marcos-San-Martin_A-1x1-1-1024x1024.jpg\" alt=\"\" class=\"wp-image-6357\" srcset=\"https:\/\/cultura.sma.gob.ar\/wp-content\/uploads\/2025\/01\/SMA-TJ0019-Calle-Cultural-Marcos-San-Martin_A-1x1-1-1024x1024.jpg 1024w, https:\/\/cultura.sma.gob.ar\/wp-content\/uploads\/2025\/01\/SMA-TJ0019-Calle-Cultural-Marcos-San-Martin_A-1x1-1-300x300.jpg 300w, https:\/\/cultura.sma.gob.ar\/wp-content\/uploads\/2025\/01\/SMA-TJ0019-Calle-Cultural-Marcos-San-Martin_A-1x1-1-150x150.jpg 150w, https:\/\/cultura.sma.gob.ar\/wp-content\/uploads\/2025\/01\/SMA-TJ0019-Calle-Cultural-Marcos-San-Martin_A-1x1-1-768x768.jpg 768w, https:\/\/cultura.sma.gob.ar\/wp-content\/uploads\/2025\/01\/SMA-TJ0019-Calle-Cultural-Marcos-San-Martin_A-1x1-1-1536x1536.jpg 1536w, https:\/\/cultura.sma.gob.ar\/wp-content\/uploads\/2025\/01\/SMA-TJ0019-Calle-Cultural-Marcos-San-Martin_A-1x1-1-2048x2048.jpg 2048w, https:\/\/cultura.sma.gob.ar\/wp-content\/uploads\/2025\/01\/SMA-TJ0019-Calle-Cultural-Marcos-San-Martin_A-1x1-1-90x90.jpg 90w\" sizes=\"auto, (max-width: 1024px) 100vw, 1024px\" \/><\/figure>\n\n\n\n<p> Este\u00a0<strong>martes 28 de enero a las 20 hs<\/strong>, te invitamos al Barrio Cantera para disfrutar de\u00a0<strong>&#8220;Serenata pa&#8217; los barrios&#8221;<\/strong>, una presentaci\u00f3n especial del d\u00fao conformado por\u00a0<strong>Marcos San Mart\u00edn e Isa\u00edas Soto<\/strong>. <\/p>\n\n\n\n<p>Este evento ser\u00e1 grabado como material de audio en vivo e incluir\u00e1 un EP con 5 canciones originales, fruto de sus composiciones. Adem\u00e1s, cerraremos la noche con\u00a0<strong>danzas folcl\u00f3ricas tradicionales<\/strong>\u00a0para bailar y compartir juntos.<\/p>\n\n\n\n<p>El programa\u00a0<strong>Calle Cultural<\/strong>, creado en 2021 y ya en su quinto a\u00f1o consecutivo, sigue llevando arte, m\u00fasica y cultura a los espacios p\u00fablicos de nuestra ciudad. \u00a1Sumate a esta propuesta cultural abierta a toda la comunidad!<\/p>\n","protected":false},"excerpt":{"rendered":"<p>Este\u00a0martes 28 de enero a las 20 hs, te invitamos al Barrio Cantera para disfrutar de\u00a0&#8220;Serenata pa&#8217; los barrios&#8221;, una presentaci\u00f3n especial del d\u00fao conformado por\u00a0Marcos San Mart\u00edn e Isa\u00edas Soto. Este evento ser\u00e1 grabado como material de audio en vivo e incluir\u00e1 un EP con 5 canciones originales, fruto de sus composiciones. Adem\u00e1s, cerraremos la noche con\u00a0danzas folcl\u00f3ricas tradicionales\u00a0para bailar y compartir juntos. El &hellip; <a href=\"https:\/\/cultura.sma.gob.ar\/?p=6356\" class=\"more-link\">Continue reading <span class=\"screen-reader-text\">Nueva Calle Cultural en el Barrio Cantera: 28 de enero a las 20hs<\/span><\/a><\/p>\n","protected":false},"author":1,"featured_media":292,"comment_status":"closed","ping_status":"","sticky":false,"template":"","format":"image","meta":{"footnotes":""},"categories":[8,9],"tags":[],"class_list":["post-6356","post","type-post","status-publish","format-image","has-post-thumbnail","hentry","category-teatro-san-jose","category-ultimas-noticias","post_format-post-format-image"],"_links":{"self":[{"href":"https:\/\/cultura.sma.gob.ar\/index.php?rest_route=\/wp\/v2\/posts\/6356","targetHints":{"allow":["GET"]}}],"collection":[{"href":"https:\/\/cultura.sma.gob.ar\/index.php?rest_route=\/wp\/v2\/posts"}],"about":[{"href":"https:\/\/cultura.sma.gob.ar\/index.php?rest_route=\/wp\/v2\/types\/post"}],"author":[{"embeddable":true,"href":"https:\/\/cultura.sma.gob.ar\/index.php?rest_route=\/wp\/v2\/users\/1"}],"replies":[{"embeddable":true,"href":"https:\/\/cultura.sma.gob.ar\/index.php?rest_route=%2Fwp%2Fv2%2Fcomments&post=6356"}],"version-history":[{"count":1,"href":"https:\/\/cultura.sma.gob.ar\/index.php?rest_route=\/wp\/v2\/posts\/6356\/revisions"}],"predecessor-version":[{"id":6358,"href":"https:\/\/cultura.sma.gob.ar\/index.php?rest_route=\/wp\/v2\/posts\/6356\/revisions\/6358"}],"wp:featuredmedia":[{"embeddable":true,"href":"https:\/\/cultura.sma.gob.ar\/index.php?rest_route=\/wp\/v2\/media\/292"}],"wp:attachment":[{"href":"https:\/\/cultura.sma.gob.ar\/index.php?rest_route=%2Fwp%2Fv2%2Fmedia&parent=6356"}],"wp:term":[{"taxonomy":"category","embeddable":true,"href":"https:\/\/cultura.sma.gob.ar\/index.php?rest_route=%2Fwp%2Fv2%2Fcategories&post=6356"},{"taxonomy":"post_tag","embeddable":true,"href":"https:\/\/cultura.sma.gob.ar\/index.php?rest_route=%2Fwp%2Fv2%2Ftags&post=6356"}],"curies":[{"name":"wp","href":"https:\/\/api.w.org\/{rel}","templated":true}]}}