{"id":6343,"date":"2025-01-20T12:41:15","date_gmt":"2025-01-20T15:41:15","guid":{"rendered":"http:\/\/cultura.sma.gob.ar\/?p=6343"},"modified":"2025-01-21T09:34:39","modified_gmt":"2025-01-21T12:34:39","slug":"llega-una-nueva-edicion-del-festival-estival-de-teatro","status":"publish","type":"post","link":"https:\/\/cultura.sma.gob.ar\/?p=6343","title":{"rendered":"Llega una nueva edici\u00f3n del Festival Estival de teatro"},"content":{"rendered":"\n<figure class=\"wp-block-image size-large\"><img loading=\"lazy\" decoding=\"async\" width=\"511\" height=\"1024\" src=\"https:\/\/cultura.sma.gob.ar\/wp-content\/uploads\/2025\/01\/WhatsApp-Image-2025-01-16-at-4.30.36-PM-511x1024.jpeg\" alt=\"\" class=\"wp-image-6344\" srcset=\"https:\/\/cultura.sma.gob.ar\/wp-content\/uploads\/2025\/01\/WhatsApp-Image-2025-01-16-at-4.30.36-PM-511x1024.jpeg 511w, https:\/\/cultura.sma.gob.ar\/wp-content\/uploads\/2025\/01\/WhatsApp-Image-2025-01-16-at-4.30.36-PM-150x300.jpeg 150w, https:\/\/cultura.sma.gob.ar\/wp-content\/uploads\/2025\/01\/WhatsApp-Image-2025-01-16-at-4.30.36-PM-768x1538.jpeg 768w, https:\/\/cultura.sma.gob.ar\/wp-content\/uploads\/2025\/01\/WhatsApp-Image-2025-01-16-at-4.30.36-PM-767x1536.jpeg 767w, https:\/\/cultura.sma.gob.ar\/wp-content\/uploads\/2025\/01\/WhatsApp-Image-2025-01-16-at-4.30.36-PM-45x90.jpeg 45w, https:\/\/cultura.sma.gob.ar\/wp-content\/uploads\/2025\/01\/WhatsApp-Image-2025-01-16-at-4.30.36-PM.jpeg 799w\" sizes=\"auto, (max-width: 511px) 100vw, 511px\" \/><\/figure>\n\n\n\n<p>FESTIVAL ESTIVAL DE SAN Martin de Los Andes\ud83d\ude3b<br>Del 22 al 30 de Enero<\/p>\n\n\n\n<p>TALLERES<br>En el marco de Festival se desarrollar\u00e1n 3 talleres de formaci\u00f3n.<\/p>\n\n\n\n<p>La voz y la m\u00fasica en el teatro por Carmen Baliero<br>D\u00edas: Jueves 23, Viernes 24 y S\u00e1bado 25 de enero<br>De 10:30 a 13:30 hs.<br>Lugar: Teatro San Jos\u00e9<\/p>\n\n\n\n<p>Performance para habitar la tierra que queremos por Fernando Rubio<br>Viernes 24 y S\u00e1bado 25 de enero<br>De 16 a 19 hs.<br>Lugar: ESPACIO TRAMA<\/p>\n\n\n\n<p>Composici\u00f3n en Tiempo Real por Iv\u00e1n Haidar<br>Martes 28, Mi\u00e9rcoles 29 y Jueves 30 de enero<br>De 10:30 a 13:30 hs.<br>Lugar: ESPACIO TRAMA<\/p>\n\n\n\n<p>Todos requieren inscripci\u00f3n previa. Cupos limitados!!<\/p>\n\n\n\n<p>Inscribite por WhatsApp al +54 9 2944 243042<\/p>\n\n\n\n<p>COSTO: anot\u00e1ndote en 1 taller $ 40.000 \/ 2 talleres $60.000 \/ 3 talleres $75.000<\/p>\n\n\n\n<p>Toda la informaci\u00f3n detallada en https:\/\/festivalestivaldesmandes.jimdofree.com\/23-info\/23-talleres\/<\/p>\n","protected":false},"excerpt":{"rendered":"<p>FESTIVAL ESTIVAL DE SAN Martin de Los Andes\ud83d\ude3bDel 22 al 30 de Enero TALLERESEn el marco de Festival se desarrollar\u00e1n 3 talleres de formaci\u00f3n. La voz y la m\u00fasica en el teatro por Carmen BalieroD\u00edas: Jueves 23, Viernes 24 y S\u00e1bado 25 de eneroDe 10:30 a 13:30 hs.Lugar: Teatro San Jos\u00e9 Performance para habitar la tierra que queremos por Fernando RubioViernes 24 y S\u00e1bado 25 &hellip; <a href=\"https:\/\/cultura.sma.gob.ar\/?p=6343\" class=\"more-link\">Continue reading <span class=\"screen-reader-text\">Llega una nueva edici\u00f3n del Festival Estival de teatro<\/span><\/a><\/p>\n","protected":false},"author":1,"featured_media":297,"comment_status":"closed","ping_status":"","sticky":false,"template":"","format":"image","meta":{"footnotes":""},"categories":[2],"tags":[],"class_list":["post-6343","post","type-post","status-publish","format-image","has-post-thumbnail","hentry","category-ciudad-cultural","post_format-post-format-image"],"_links":{"self":[{"href":"https:\/\/cultura.sma.gob.ar\/index.php?rest_route=\/wp\/v2\/posts\/6343","targetHints":{"allow":["GET"]}}],"collection":[{"href":"https:\/\/cultura.sma.gob.ar\/index.php?rest_route=\/wp\/v2\/posts"}],"about":[{"href":"https:\/\/cultura.sma.gob.ar\/index.php?rest_route=\/wp\/v2\/types\/post"}],"author":[{"embeddable":true,"href":"https:\/\/cultura.sma.gob.ar\/index.php?rest_route=\/wp\/v2\/users\/1"}],"replies":[{"embeddable":true,"href":"https:\/\/cultura.sma.gob.ar\/index.php?rest_route=%2Fwp%2Fv2%2Fcomments&post=6343"}],"version-history":[{"count":2,"href":"https:\/\/cultura.sma.gob.ar\/index.php?rest_route=\/wp\/v2\/posts\/6343\/revisions"}],"predecessor-version":[{"id":6351,"href":"https:\/\/cultura.sma.gob.ar\/index.php?rest_route=\/wp\/v2\/posts\/6343\/revisions\/6351"}],"wp:featuredmedia":[{"embeddable":true,"href":"https:\/\/cultura.sma.gob.ar\/index.php?rest_route=\/wp\/v2\/media\/297"}],"wp:attachment":[{"href":"https:\/\/cultura.sma.gob.ar\/index.php?rest_route=%2Fwp%2Fv2%2Fmedia&parent=6343"}],"wp:term":[{"taxonomy":"category","embeddable":true,"href":"https:\/\/cultura.sma.gob.ar\/index.php?rest_route=%2Fwp%2Fv2%2Fcategories&post=6343"},{"taxonomy":"post_tag","embeddable":true,"href":"https:\/\/cultura.sma.gob.ar\/index.php?rest_route=%2Fwp%2Fv2%2Ftags&post=6343"}],"curies":[{"name":"wp","href":"https:\/\/api.w.org\/{rel}","templated":true}]}}