{"id":634,"date":"2020-11-05T22:32:18","date_gmt":"2020-11-06T01:32:18","guid":{"rendered":"http:\/\/cultura.sma.gob.ar\/?p=634"},"modified":"2020-11-05T22:32:18","modified_gmt":"2020-11-06T01:32:18","slug":"homenaje-a-ana-maria-de-mena-14-feria-regional-del-libro","status":"publish","type":"post","link":"https:\/\/cultura.sma.gob.ar\/?p=634","title":{"rendered":"Homenaje a Ana Mar\u00eda de Mena | 14\u00b0 Feria Regional del Libro"},"content":{"rendered":"\n<figure class=\"wp-block-image size-large\"><img loading=\"lazy\" decoding=\"async\" width=\"1024\" height=\"1024\" src=\"http:\/\/cultura.sma.gob.ar\/wp-content\/uploads\/2020\/11\/calendario-fdl-06-1024x1024.jpg\" alt=\"\" class=\"wp-image-635\" srcset=\"https:\/\/cultura.sma.gob.ar\/wp-content\/uploads\/2020\/11\/calendario-fdl-06-1024x1024.jpg 1024w, https:\/\/cultura.sma.gob.ar\/wp-content\/uploads\/2020\/11\/calendario-fdl-06-300x300.jpg 300w, https:\/\/cultura.sma.gob.ar\/wp-content\/uploads\/2020\/11\/calendario-fdl-06-150x150.jpg 150w, https:\/\/cultura.sma.gob.ar\/wp-content\/uploads\/2020\/11\/calendario-fdl-06-768x768.jpg 768w, https:\/\/cultura.sma.gob.ar\/wp-content\/uploads\/2020\/11\/calendario-fdl-06-1536x1536.jpg 1536w, https:\/\/cultura.sma.gob.ar\/wp-content\/uploads\/2020\/11\/calendario-fdl-06-90x90.jpg 90w, https:\/\/cultura.sma.gob.ar\/wp-content\/uploads\/2020\/11\/calendario-fdl-06.jpg 1875w\" sizes=\"auto, (max-width: 1024px) 100vw, 1024px\" \/><\/figure>\n\n\n\n<p><strong>Ana Mar\u00eda de Mena&nbsp;<\/strong><\/p>\n\n\n\n<p>Naci\u00f3 en los pagos de Guillermo Enrique Hudson, un 5 de octubre de 1951. Es egresada de la Universidad de La Plata como periodista. Escribi\u00f3 \u201cCumplimos los quince\u201d y en 1999 empez\u00f3 la tarea de autora\/editora con \u201cDon Gregorio\u201d y \u201cNarinari\u201d. Recibi\u00f3 premios de colegas y la C\u00e1mara Argentina de Publicaciones. Que algunos maestros los usen en las aulas y publicaciones de historia citen sus textos, fue para ella un gran reconocimiento. Desde 2004 vive en San Mart\u00edn de los Andes donde su Semblanza de Miguel Camino aporta datos del poeta y reveladoras cartas de Ernesto Sabato. Autora de \u201cHotel Los Andes\u201d (EDUCO), \u201cHistoria de una Postal\u201d (CEM y Ediciones Patalibro), \u201c70 a\u00f1os de pasi\u00f3n en el Lacar\u201d (Club Lacar), \u201cContar los 40\u201d (EDUCO) y \u201c Maclovia y el pueblo\u201d( Ediciones de Autor) , el a\u00f1o pasado.&nbsp;<\/p>\n\n\n\n<p>Asisti\u00f3 a congresos que publicaron sus trabajos en: \u201cLa gesti\u00f3n cultural de la ciudad ante el pr\u00f3ximo milenio\u201d (Ed. Ciccus), \u201cPatrimonio Cultural: la gesti\u00f3n, el arte, la arqueolog\u00eda y las ciencias sociales aplicadas\u201d (CNEA- CONICET-Fundaci\u00f3n Balseiro et al), \u201c3\u00b0 Jornadas de Patrimonio Arquitect\u00f3nico e Identidad de San Mart\u00edn de los Andes\u201d (FONCYT, Cultura de la Naci\u00f3n, etc.). Entre acciones culturales y reuniones gastron\u00f3micas escribi\u00f3 art\u00edculos hist\u00f3ricos para: \u201cHuaHum-Identidad de un paisaje cultural a trav\u00e9s del rescate de la palabra\u201d, \u201cPor aqu\u00ed pas\u00f3 Neruda\u201d y \u201cUn siglo de libros\u201d. Ha prologado libros y redactado varias contratapas. Colabor\u00f3 en las bellas ediciones de: \u201cSan Mart\u00edn de los Andes, Pueblo + Arquitectura\u201d (Gingins-Lovato-Solanas) y varias de Isa\u00edas y Eliseo Miciu. Participa en el circuito cultural argentino-chileno Ruta de Neruda, actividades junto a Ediciones de La grieta y los aportes de la Asociaci\u00f3n Amigos del Museo, como presidenta de la misma.&nbsp;<\/p>\n\n\n\n<p><em>\u201cMientras el tiempo transcurre, sigo indagando desde el periodismo, alimento sue\u00f1os, disfruto del arte y celebro la vida cada d\u00eda\u201d\u00a0<\/em><\/p>\n\n\n\n<p>(Ana Mar\u00eda de Mena , Escrito en la Patagonia)&nbsp;<\/p>\n","protected":false},"excerpt":{"rendered":"<p>Presentaci\u00f3n virtual y presencial <a href=\"https:\/\/cultura.sma.gob.ar\/?p=634\" class=\"more-link\">Continue reading <span class=\"screen-reader-text\">Homenaje a Ana Mar\u00eda de Mena | 14\u00b0 Feria Regional del Libro<\/span><\/a><\/p>\n","protected":false},"author":1,"featured_media":296,"comment_status":"closed","ping_status":"","sticky":false,"template":"","format":"image","meta":{"footnotes":""},"categories":[3,9],"tags":[],"class_list":["post-634","post","type-post","status-publish","format-image","has-post-thumbnail","hentry","category-eventos-cultura","category-ultimas-noticias","post_format-post-format-image"],"_links":{"self":[{"href":"https:\/\/cultura.sma.gob.ar\/index.php?rest_route=\/wp\/v2\/posts\/634","targetHints":{"allow":["GET"]}}],"collection":[{"href":"https:\/\/cultura.sma.gob.ar\/index.php?rest_route=\/wp\/v2\/posts"}],"about":[{"href":"https:\/\/cultura.sma.gob.ar\/index.php?rest_route=\/wp\/v2\/types\/post"}],"author":[{"embeddable":true,"href":"https:\/\/cultura.sma.gob.ar\/index.php?rest_route=\/wp\/v2\/users\/1"}],"replies":[{"embeddable":true,"href":"https:\/\/cultura.sma.gob.ar\/index.php?rest_route=%2Fwp%2Fv2%2Fcomments&post=634"}],"version-history":[{"count":1,"href":"https:\/\/cultura.sma.gob.ar\/index.php?rest_route=\/wp\/v2\/posts\/634\/revisions"}],"predecessor-version":[{"id":636,"href":"https:\/\/cultura.sma.gob.ar\/index.php?rest_route=\/wp\/v2\/posts\/634\/revisions\/636"}],"wp:featuredmedia":[{"embeddable":true,"href":"https:\/\/cultura.sma.gob.ar\/index.php?rest_route=\/wp\/v2\/media\/296"}],"wp:attachment":[{"href":"https:\/\/cultura.sma.gob.ar\/index.php?rest_route=%2Fwp%2Fv2%2Fmedia&parent=634"}],"wp:term":[{"taxonomy":"category","embeddable":true,"href":"https:\/\/cultura.sma.gob.ar\/index.php?rest_route=%2Fwp%2Fv2%2Fcategories&post=634"},{"taxonomy":"post_tag","embeddable":true,"href":"https:\/\/cultura.sma.gob.ar\/index.php?rest_route=%2Fwp%2Fv2%2Ftags&post=634"}],"curies":[{"name":"wp","href":"https:\/\/api.w.org\/{rel}","templated":true}]}}