{"id":6338,"date":"2025-01-20T10:49:29","date_gmt":"2025-01-20T13:49:29","guid":{"rendered":"http:\/\/cultura.sma.gob.ar\/?p=6338"},"modified":"2025-01-23T15:42:37","modified_gmt":"2025-01-23T18:42:37","slug":"este-sabado-sera-la-noche-de-los-museos-y-salas-de-arte","status":"publish","type":"post","link":"https:\/\/cultura.sma.gob.ar\/?p=6338","title":{"rendered":"Este s\u00e1bado ser\u00e1 la Noche de los Museos y Salas de Arte"},"content":{"rendered":"\n<figure class=\"wp-block-image size-large\"><img loading=\"lazy\" decoding=\"async\" width=\"819\" height=\"1024\" src=\"https:\/\/cultura.sma.gob.ar\/wp-content\/uploads\/2025\/01\/SMA-PH0013-Noche-de-los-Museos-y-salas-de-Arte-2025-RRSS_B-4x5-1-819x1024.jpg\" alt=\"\" class=\"wp-image-6339\" srcset=\"https:\/\/cultura.sma.gob.ar\/wp-content\/uploads\/2025\/01\/SMA-PH0013-Noche-de-los-Museos-y-salas-de-Arte-2025-RRSS_B-4x5-1-819x1024.jpg 819w, https:\/\/cultura.sma.gob.ar\/wp-content\/uploads\/2025\/01\/SMA-PH0013-Noche-de-los-Museos-y-salas-de-Arte-2025-RRSS_B-4x5-1-240x300.jpg 240w, https:\/\/cultura.sma.gob.ar\/wp-content\/uploads\/2025\/01\/SMA-PH0013-Noche-de-los-Museos-y-salas-de-Arte-2025-RRSS_B-4x5-1-768x960.jpg 768w, https:\/\/cultura.sma.gob.ar\/wp-content\/uploads\/2025\/01\/SMA-PH0013-Noche-de-los-Museos-y-salas-de-Arte-2025-RRSS_B-4x5-1-1229x1536.jpg 1229w, https:\/\/cultura.sma.gob.ar\/wp-content\/uploads\/2025\/01\/SMA-PH0013-Noche-de-los-Museos-y-salas-de-Arte-2025-RRSS_B-4x5-1-1639x2048.jpg 1639w, https:\/\/cultura.sma.gob.ar\/wp-content\/uploads\/2025\/01\/SMA-PH0013-Noche-de-los-Museos-y-salas-de-Arte-2025-RRSS_B-4x5-1-72x90.jpg 72w, https:\/\/cultura.sma.gob.ar\/wp-content\/uploads\/2025\/01\/SMA-PH0013-Noche-de-los-Museos-y-salas-de-Arte-2025-RRSS_B-4x5-1-scaled.jpg 2048w\" sizes=\"auto, (max-width: 819px) 100vw, 819px\" \/><\/figure>\n\n\n\n<p>La noche de los museos y salas de arte es un evento de entrada libre que consiste en abrir todos los museos y salas de arte de la ciudad, entre las 19:00 y las 00:00 para generar un circuito cultural que establece un di\u00e1logo interdisciplinario entre los distintos espacios expositivos, promocion\u00e1ndolos de un modo diferente.<\/p>\n\n\n\n<p><strong>MUSEOS Y SALAS DE ARTE:<\/strong><\/p>\n\n\n\n<ol class=\"wp-block-list\"><li><strong>Museo Municipal Primeros Pobladores\u00a0<\/strong>\/\u00a0<em>Juan Manuel de Rosas al 500<\/em><\/li><li><strong>Centro de Visitantes y Museo del Parque Nacional Lan\u00edn<\/strong>\u00a0\/\u00a0<em>Emilio Frey 749<\/em>\u00a0<\/li><li><strong>Edificio San Jos\u00e9<\/strong>\u00a0\/\u00a0<em>Cap. Drury 759<\/em><\/li><li><strong>Museo del Holocausto, Comunidad Hebrea<\/strong>\u00a0\/\u00a0<em>Cnel. Rodhe 775<\/em><\/li><li><strong>Museo y Casa Chidiak<\/strong>\u00a0(Cotesma) \/<em>Gral. Roca 1084<\/em><\/li><li><strong>Museo de Historia Natural\u00a0<\/strong>\/\u00a0<em>Cap. Drury 925<\/em><\/li><li><strong>La Pastera, Museo del Che<\/strong>\u00a0\/\u00a0<em>Sarmiento y R. Roca<\/em><\/li><li><strong>Sala Municipal de Exposiciones Lidaura Chapite<\/strong>l \/\u00a0<em>Cap. Drury 665<\/em><\/li><li><strong>Rub\u00ed, galer\u00eda de arte \/\u00a0<\/strong>Villegas 851<\/li><li><em>Traslados a<\/em><strong>\u00a0 Colecci\u00f3n Georg<\/strong>\u00a0\/ Salidas puntuales a las 19:30 hs y 21 hs desde la Sala de Exposiciones \u201cLidaura Chapitel\u201d (Cap. Drury 665). Por reservas, consultar en el lugar.<\/li><\/ol>\n\n\n\n<h3 class=\"wp-block-heading\">Actividades anexas:<\/h3>\n\n\n\n<p>SALA DE EXPOSICIONES LIDAURA CHAPITEL:<\/p>\n\n\n\n<ul class=\"wp-block-list\"><li>Pintura \u201cau plein air\u201d. La acuarelista Kira Mamontoff realizar\u00e1 una obra al aire libre a partir de las 19 hs.<\/li><li>Show en vivo. Se presenta el cuarteto de jazz \u201cFsus4\u201d de 20hs a 22hs en la entrada a la sala.<\/li><\/ul>\n\n\n\n<p>SALIDAS A LA COLECCI\u00d3N GEORG.<\/p>\n\n\n\n<ul class=\"wp-block-list\"><li>Traslados a la galer\u00eda de arte a las 19:30 hs y 21 hs. Para anotarse, acercarse a la Sala de Exposiciones \u201cLidaura Chapitel\u201d.<\/li><\/ul>\n\n\n\n<p>TEATRO SAN JOS\u00c9:<\/p>\n\n\n\n<ul class=\"wp-block-list\"><li>Visitas guiadas a las 19 hs, 20 hs y 21 hs. \u201c100 a\u00f1os de historia: De Capilla a Teatro\u201d.&nbsp;<\/li><\/ul>\n\n\n\n<p>CENTRO DE VISITANTES Y MUSEO DEL PARQUE NACIONAL LANIN:<\/p>\n\n\n\n<ul class=\"wp-block-list\"><li>Visita guiadas a las 20 hs. Charla sobre el HUEMUL. \u201cPreparando el ambiente para su regreso\u201d a las 21 hs. Visita guiadas a las 22 hs<\/li><\/ul>\n\n\n\n<p>MUSEO DE HISTORIA NATURAL:<\/p>\n\n\n\n<ul class=\"wp-block-list\"><li>Como primicia, inauguran una exposici\u00f3n sobre la evoluci\u00f3n humana. El taller municipal de Croquiseros Urbanos realizar\u00e1 bocetos de la propuesta completa del Museo.<\/li><\/ul>\n\n\n\n<figure class=\"wp-block-image size-large\"><img loading=\"lazy\" decoding=\"async\" width=\"622\" height=\"614\" src=\"http:\/\/cultura.sma.gob.ar\/wp-content\/uploads\/2025\/01\/Screenshot-2025-01-21-12.20.01-PM.png\" alt=\"\" class=\"wp-image-6352\" srcset=\"https:\/\/cultura.sma.gob.ar\/wp-content\/uploads\/2025\/01\/Screenshot-2025-01-21-12.20.01-PM.png 622w, https:\/\/cultura.sma.gob.ar\/wp-content\/uploads\/2025\/01\/Screenshot-2025-01-21-12.20.01-PM-300x296.png 300w, https:\/\/cultura.sma.gob.ar\/wp-content\/uploads\/2025\/01\/Screenshot-2025-01-21-12.20.01-PM-91x90.png 91w\" sizes=\"auto, (max-width: 622px) 100vw, 622px\" \/><\/figure>\n\n\n\n<h3 class=\"wp-block-heading\">\u00bfQui\u00e9nes son los museos y salas que participan?<\/h3>\n\n\n\n<p><strong>1 &#8211; Museo Municipal Primeros Pobladores<\/strong>Es un edificio patrimonial, construido en 1931, fue la sede de la primera comisi\u00f3n de fomento y un arquetipo de la arquitectura del \u201cper\u00edodo fundacional\u201d de San Mart\u00edn de los Andes. Actualmente presenta la muestra \u201cEl valle del Pocahullo\u201d que recoge fragmentos de la historia local desde tiempos precolombinos hasta la d\u00e9cada del 60.<\/p>\n\n\n\n<p><strong>2 &#8211; Centro de Visitantes y Museo del Parque Nacional&nbsp;Lan\u00edn<\/strong> Funciona en la vieja Intendencia del Parque Nacional Lan\u00edn, \u00fanico edificio de la ciudad declarado Monumento Hist\u00f3rico Nacional. Posee dos muestras permanentes: una hist\u00f3rica, sobre la ocupaci\u00f3n de territorio patag\u00f3nico y la creaci\u00f3n de los parques nacionales, y otra de biodiversidad, sobre la flora y fauna aut\u00f3ctona y la importancia del bosque andino patag\u00f3nico como regulador de cuencas h\u00eddricas<\/p>\n\n\n\n<p><strong>3 &#8211; Edificio San Jos\u00e9<\/strong> Este edificio nace como iglesia cat\u00f3lica en 1923, est\u00e1 construido con madera de raul\u00ed y es representativo de la arquitectura del per\u00edodo fundacional. En 1982 fue adquirido por la Municipalidad para que funcione all\u00ed el Teatro Municipal. Con motivo de cumplirse 100 a\u00f1os del edificio, se realiz\u00f3 durante 2023 una importante obra de restauraci\u00f3n y fue declarado Patrimonio Hist\u00f3rico Provincial.<\/p>\n\n\n\n<p><strong>4 &#8211; Museo&nbsp;del Holocausto, Comunidad Hebrea<\/strong> El Museo Hebreo Patag\u00f3nico es un espacio vivencial que integra la historia de la comunidad jud\u00eda, dando a conocer su pasado y presente, tanto a nivel internacional como en Argentina y particularmente en la Patagonia, con el objetivo de educar a las nuevas generaciones y preservar la memoria. A trav\u00e9s de objetos, documentos y testimonios de miembros de nuestra comunidad.<\/p>\n\n\n\n<p><strong>5 &#8211; Casa Chidiak&nbsp;<\/strong>Fue construida en 1907 y perteneci\u00f3 a una de las familias pioneras de la localidad. Para su resguardo y preservaci\u00f3n, en 2003 fue adquirida por Cotesma, la cooperativa telef\u00f3nica local, que luego desarroll\u00f3 un extraordinario trabajo de recuperaci\u00f3n y restauraci\u00f3n del inmueble. En su interior se recrea la ambientaci\u00f3n t\u00edpica de una casa de principios del siglo XX.<\/p>\n\n\n\n<p><strong>5 &#8211; Museo de Historia Natural<\/strong> Este nuevo espacio nos invita a conocer nuestro pasado y presente en la regi\u00f3n. Mediante r\u00e9plicas de f\u00f3siles y maquetas, muestra la fauna extinta de la Patagonia y la provincia del Neuqu\u00e9n, desde la \u00faltima glaciaci\u00f3n hace 20 mil a\u00f1os y la era de los dinosaurios por millones de a\u00f1os. En su primer piso se pueden reconocer especies del bosque andino patag\u00f3nico y la estepa, junto a carteler\u00eda informativa del Parque Nacional Lan\u00edn<\/p>\n\n\n\n<p><strong>7 &#8211; La Pastera, museo del Che<\/strong>. La Pastera es una alternativa distinta para conocer la vida, obra y el pensamiento de Ernesto Che Guevara. El edificio es una pieza hist\u00f3rica; preservada, recuperada y puesta en valor. All\u00ed pernoctaron Ernesto Guevara y Alberto Granado durante el viaje en motocicleta que realizaron por Sudam\u00e9rica en 1952. Se presentar\u00e1 un documental sobre&nbsp; su paso por la regi\u00f3n y una r\u00e9plica de la moto utilizada en el rodaje de la pel\u00edcula \u201cDiarios de Motocicleta\u201d<\/p>\n\n\n\n<p>.<strong>8 &#8211; Sala Municipal de Exposiciones&nbsp;Lidaura&nbsp;Chapitel<\/strong> Durante todo el a\u00f1o exhibe muestras de artistas visuales, tanto de San Mart\u00edn de los Andes como de otras ciudades del pa\u00eds, seleccionados por un jurado externo. Tambi\u00e9n alberga muestras con tem\u00e1ticas espec\u00edficas asociadas a eventos culturales. En este momento se encuentra la muestra&nbsp;\u201cFlora y Forja\u201d, de los prestigiosos artistas locales Kira Mamontoff (acuarelas) y Emiliano C\u00e9liz (plater\u00eda).<\/p>\n\n\n\n<p><strong>9 &#8211; Galer\u00eda de Arte&nbsp;Rub\u00ed<\/strong> Este espacio art\u00edstico es una joya que abri\u00f3 sus puertas de forma reciente. Incluye exposici\u00f3n y venta de obras con t\u00e9cnicas mixtas (pintura con acuarelas y \u00f3leos, cer\u00e1mica, escultura,&nbsp; entre otros) y es atendido por artistas locales; Gabriel Chamorro, Marisa y Carina Perello, entre otros colaboradores. Fue declarado de Inter\u00e9s legislativo por la Provincia del Neuqu\u00e9n.<\/p>\n\n\n\n<p><strong>10 &#8211; Colecci\u00f3n&nbsp;Georg&nbsp;<\/strong>(visitas guiadas con reserva previa en la Sala de Exposiciones. Horarios: 19:30 hs y 21 hs.)Aqu\u00ed se encuentran las obras pict\u00f3ricas y fotogr\u00e1ficas de diez integrantes de la familia Miciu, junto a pinturas y esculturas de otros artistas, en su mayor\u00eda de la Patagonia. El edificio que alberga esta colecci\u00f3n, desarrollado bajo el concepto de galer\u00eda-museo, y el entorno en el que se emplaza, representan un atractivo en s\u00ed mismo.<\/p>\n","protected":false},"excerpt":{"rendered":"<p>La noche de los museos y salas de arte es un evento de entrada libre que consiste en abrir todos los museos y salas de arte de la ciudad, entre las 19:00 y las 00:00 para generar un circuito cultural que establece un di\u00e1logo interdisciplinario entre los distintos espacios expositivos, promocion\u00e1ndolos de un modo diferente. MUSEOS Y SALAS DE ARTE: Museo Municipal Primeros Pobladores\u00a0\/\u00a0Juan Manuel &hellip; <a href=\"https:\/\/cultura.sma.gob.ar\/?p=6338\" class=\"more-link\">Continue reading <span class=\"screen-reader-text\">Este s\u00e1bado ser\u00e1 la Noche de los Museos y Salas de Arte<\/span><\/a><\/p>\n","protected":false},"author":1,"featured_media":291,"comment_status":"closed","ping_status":"","sticky":false,"template":"","format":"image","meta":{"footnotes":""},"categories":[5,9],"tags":[],"class_list":["post-6338","post","type-post","status-publish","format-image","has-post-thumbnail","hentry","category-patrimonio-cultural","category-ultimas-noticias","post_format-post-format-image"],"_links":{"self":[{"href":"https:\/\/cultura.sma.gob.ar\/index.php?rest_route=\/wp\/v2\/posts\/6338","targetHints":{"allow":["GET"]}}],"collection":[{"href":"https:\/\/cultura.sma.gob.ar\/index.php?rest_route=\/wp\/v2\/posts"}],"about":[{"href":"https:\/\/cultura.sma.gob.ar\/index.php?rest_route=\/wp\/v2\/types\/post"}],"author":[{"embeddable":true,"href":"https:\/\/cultura.sma.gob.ar\/index.php?rest_route=\/wp\/v2\/users\/1"}],"replies":[{"embeddable":true,"href":"https:\/\/cultura.sma.gob.ar\/index.php?rest_route=%2Fwp%2Fv2%2Fcomments&post=6338"}],"version-history":[{"count":3,"href":"https:\/\/cultura.sma.gob.ar\/index.php?rest_route=\/wp\/v2\/posts\/6338\/revisions"}],"predecessor-version":[{"id":6360,"href":"https:\/\/cultura.sma.gob.ar\/index.php?rest_route=\/wp\/v2\/posts\/6338\/revisions\/6360"}],"wp:featuredmedia":[{"embeddable":true,"href":"https:\/\/cultura.sma.gob.ar\/index.php?rest_route=\/wp\/v2\/media\/291"}],"wp:attachment":[{"href":"https:\/\/cultura.sma.gob.ar\/index.php?rest_route=%2Fwp%2Fv2%2Fmedia&parent=6338"}],"wp:term":[{"taxonomy":"category","embeddable":true,"href":"https:\/\/cultura.sma.gob.ar\/index.php?rest_route=%2Fwp%2Fv2%2Fcategories&post=6338"},{"taxonomy":"post_tag","embeddable":true,"href":"https:\/\/cultura.sma.gob.ar\/index.php?rest_route=%2Fwp%2Fv2%2Ftags&post=6338"}],"curies":[{"name":"wp","href":"https:\/\/api.w.org\/{rel}","templated":true}]}}