{"id":6333,"date":"2025-01-16T09:26:23","date_gmt":"2025-01-16T12:26:23","guid":{"rendered":"http:\/\/cultura.sma.gob.ar\/?p=6333"},"modified":"2025-01-16T09:28:39","modified_gmt":"2025-01-16T12:28:39","slug":"abrio-la-convocatoria-de-artistas-para-la-muestra-colectiva-2025","status":"publish","type":"post","link":"https:\/\/cultura.sma.gob.ar\/?p=6333","title":{"rendered":"Abri\u00f3 la convocatoria de artistas para la muestra colectiva 2025"},"content":{"rendered":"\n<figure class=\"wp-block-image size-large\"><img loading=\"lazy\" decoding=\"async\" width=\"497\" height=\"501\" src=\"https:\/\/cultura.sma.gob.ar\/wp-content\/uploads\/2025\/01\/Screenshot-2025-01-16-9.25.33-AM.png\" alt=\"\" class=\"wp-image-6334\" srcset=\"https:\/\/cultura.sma.gob.ar\/wp-content\/uploads\/2025\/01\/Screenshot-2025-01-16-9.25.33-AM.png 497w, https:\/\/cultura.sma.gob.ar\/wp-content\/uploads\/2025\/01\/Screenshot-2025-01-16-9.25.33-AM-298x300.png 298w, https:\/\/cultura.sma.gob.ar\/wp-content\/uploads\/2025\/01\/Screenshot-2025-01-16-9.25.33-AM-150x150.png 150w, https:\/\/cultura.sma.gob.ar\/wp-content\/uploads\/2025\/01\/Screenshot-2025-01-16-9.25.33-AM-89x90.png 89w\" sizes=\"auto, (max-width: 497px) 100vw, 497px\" \/><\/figure>\n\n\n\n<p>La Secretar\u00eda de Cultura de San Mart\u00edn de los Andes convoca a <strong>artistas visuales locales<\/strong> a participar de la <strong>Exposici\u00f3n Abierta y Colectiva<\/strong> que se desarrollar\u00e1 en la Sala Lidaura Chapitel durante el mes de febrero de 2025.<\/p>\n\n\n\n<p>Los\/as interesados\/as en participar deben enviar <strong>hasta el 23 de enero de 2025<\/strong><br>inclusive, a salamunicipal.chapitel@gmail.com , dos propuestas expositivas en un<br>\u00fanico documento PDF.<\/p>\n\n\n\n<p>Una vez seleccionada una de las dos propuestas enviadas por mail, la obra<br>participante deber\u00e1 presentarse en la Sala los d\u00edas 27 y 28 de enero de 10:00 a<br>12:00 y de 15 a 20:00 hs, sin excepci\u00f3n.<\/p>\n\n\n\n<p>Las obras participantes deber\u00e1n estar en perfectas condiciones para su exhibici\u00f3n<br>y contar con los dispositivos necesarios que permitan su adecuado montaje en la<br>exhibici\u00f3n.<\/p>\n\n\n\n<p><strong>Las propuestas deben contar con la siguiente informaci\u00f3n:<\/strong><\/p>\n\n\n\n<ul class=\"wp-block-list\"><li>Imagen de la obra en jpg (o link en el caso de video) HASTA 5 MB<\/li><li>Ficha t\u00e9cnica de la obra<\/li><li>\uf0b7 Nombre autor\/a<\/li><li>\uf0b7 T\u00edtulo<\/li><li>\uf0b7 T\u00e9cnica<\/li><li>\uf0b7 Medidas<\/li><li>\uf0b7 A\u00f1o<\/li><li>\uf0b7 Precio de la obra<\/li><li>\uf0b7 Descripci\u00f3n detallada del soporte y su forma de montaje<\/li><li>Breve rese\u00f1a biogr\u00e1fica (hasta mil caracteres) indicando lugar de residencia.<\/li><li>El archivo PDF deber\u00e1 estar nominado con nombre y apellido de la\/el artista y ser enviado en un \u00fanico correo.<\/li><\/ul>\n\n\n\n<p><strong>La Sala Municipal de Exposiciones se encargar\u00e1 de:<\/strong><\/p>\n\n\n\n<ul class=\"wp-block-list\"><li>Selecci\u00f3n de propuestas<\/li><li>Curadur\u00eda y Montaje<\/li><li>Seguro de permanencia en sala<\/li><li>Gr\u00e1fica<\/li><li>Comunicaci\u00f3n y difusi\u00f3n<\/li><li>Vernissage<\/li><\/ul>\n\n\n\n<p><strong>No se cubren gastos de traslado ni producci\u00f3n de obra.<\/strong><\/p>\n","protected":false},"excerpt":{"rendered":"<p>La Secretar\u00eda de Cultura de San Mart\u00edn de los Andes convoca a artistas visuales locales a participar de la Exposici\u00f3n Abierta y Colectiva que se desarrollar\u00e1 en la Sala Lidaura Chapitel durante el mes de febrero de 2025. Los\/as interesados\/as en participar deben enviar hasta el 23 de enero de 2025inclusive, a salamunicipal.chapitel@gmail.com , dos propuestas expositivas en un\u00fanico documento PDF. Una vez seleccionada una &hellip; <a href=\"https:\/\/cultura.sma.gob.ar\/?p=6333\" class=\"more-link\">Continue reading <span class=\"screen-reader-text\">Abri\u00f3 la convocatoria de artistas para la muestra colectiva 2025<\/span><\/a><\/p>\n","protected":false},"author":1,"featured_media":295,"comment_status":"closed","ping_status":"","sticky":false,"template":"","format":"image","meta":{"footnotes":""},"categories":[6,9],"tags":[],"class_list":["post-6333","post","type-post","status-publish","format-image","has-post-thumbnail","hentry","category-sala-lidaura-chapitel","category-ultimas-noticias","post_format-post-format-image"],"_links":{"self":[{"href":"https:\/\/cultura.sma.gob.ar\/index.php?rest_route=\/wp\/v2\/posts\/6333","targetHints":{"allow":["GET"]}}],"collection":[{"href":"https:\/\/cultura.sma.gob.ar\/index.php?rest_route=\/wp\/v2\/posts"}],"about":[{"href":"https:\/\/cultura.sma.gob.ar\/index.php?rest_route=\/wp\/v2\/types\/post"}],"author":[{"embeddable":true,"href":"https:\/\/cultura.sma.gob.ar\/index.php?rest_route=\/wp\/v2\/users\/1"}],"replies":[{"embeddable":true,"href":"https:\/\/cultura.sma.gob.ar\/index.php?rest_route=%2Fwp%2Fv2%2Fcomments&post=6333"}],"version-history":[{"count":2,"href":"https:\/\/cultura.sma.gob.ar\/index.php?rest_route=\/wp\/v2\/posts\/6333\/revisions"}],"predecessor-version":[{"id":6337,"href":"https:\/\/cultura.sma.gob.ar\/index.php?rest_route=\/wp\/v2\/posts\/6333\/revisions\/6337"}],"wp:featuredmedia":[{"embeddable":true,"href":"https:\/\/cultura.sma.gob.ar\/index.php?rest_route=\/wp\/v2\/media\/295"}],"wp:attachment":[{"href":"https:\/\/cultura.sma.gob.ar\/index.php?rest_route=%2Fwp%2Fv2%2Fmedia&parent=6333"}],"wp:term":[{"taxonomy":"category","embeddable":true,"href":"https:\/\/cultura.sma.gob.ar\/index.php?rest_route=%2Fwp%2Fv2%2Fcategories&post=6333"},{"taxonomy":"post_tag","embeddable":true,"href":"https:\/\/cultura.sma.gob.ar\/index.php?rest_route=%2Fwp%2Fv2%2Ftags&post=6333"}],"curies":[{"name":"wp","href":"https:\/\/api.w.org\/{rel}","templated":true}]}}