{"id":6328,"date":"2025-01-16T09:20:56","date_gmt":"2025-01-16T12:20:56","guid":{"rendered":"http:\/\/cultura.sma.gob.ar\/?p=6328"},"modified":"2025-01-16T09:20:56","modified_gmt":"2025-01-16T12:20:56","slug":"calle-cultural-cristal-en-los-radales","status":"publish","type":"post","link":"https:\/\/cultura.sma.gob.ar\/?p=6328","title":{"rendered":"Calle Cultural: Cristal en Los Radales"},"content":{"rendered":"\n<figure class=\"wp-block-image size-large\"><img loading=\"lazy\" decoding=\"async\" width=\"497\" height=\"607\" src=\"http:\/\/cultura.sma.gob.ar\/wp-content\/uploads\/2025\/01\/Screenshot-2025-01-16-9.19.27-AM.png\" alt=\"\" class=\"wp-image-6329\" srcset=\"https:\/\/cultura.sma.gob.ar\/wp-content\/uploads\/2025\/01\/Screenshot-2025-01-16-9.19.27-AM.png 497w, https:\/\/cultura.sma.gob.ar\/wp-content\/uploads\/2025\/01\/Screenshot-2025-01-16-9.19.27-AM-246x300.png 246w, https:\/\/cultura.sma.gob.ar\/wp-content\/uploads\/2025\/01\/Screenshot-2025-01-16-9.19.27-AM-74x90.png 74w\" sizes=\"auto, (max-width: 497px) 100vw, 497px\" \/><\/figure>\n\n\n\n<p>ENTRADA LIBRE Y GRATUITA<\/p>\n\n\n\n<p>Este programa consiste en ofrecer intervenciones de arte en el espacio p\u00fablico de los barrios, presentaciones musicales en vivo, teatrales, talleres, propuestas recreativas, conferencias, entre otras.\u00a0 Calle cultural es un programa cultural creado en el a\u00f1o 2021 y que este es su quinto a\u00f1o de realizaci\u00f3n. Las actividades a realizar son abiertas a la comunidad y p\u00fablico en general.<\/p>\n","protected":false},"excerpt":{"rendered":"<p>ENTRADA LIBRE Y GRATUITA Este programa consiste en ofrecer intervenciones de arte en el espacio p\u00fablico de los barrios, presentaciones musicales en vivo, teatrales, talleres, propuestas recreativas, conferencias, entre otras.\u00a0 Calle cultural es un programa cultural creado en el a\u00f1o 2021 y que este es su quinto a\u00f1o de realizaci\u00f3n. Las actividades a realizar son abiertas a la comunidad y p\u00fablico en general. <a href=\"https:\/\/cultura.sma.gob.ar\/?p=6328\" class=\"more-link\">Continue reading <span class=\"screen-reader-text\">Calle Cultural: Cristal en Los Radales<\/span><\/a><\/p>\n","protected":false},"author":1,"featured_media":293,"comment_status":"closed","ping_status":"","sticky":false,"template":"","format":"image","meta":{"footnotes":""},"categories":[8,9],"tags":[],"class_list":["post-6328","post","type-post","status-publish","format-image","has-post-thumbnail","hentry","category-teatro-san-jose","category-ultimas-noticias","post_format-post-format-image"],"_links":{"self":[{"href":"https:\/\/cultura.sma.gob.ar\/index.php?rest_route=\/wp\/v2\/posts\/6328","targetHints":{"allow":["GET"]}}],"collection":[{"href":"https:\/\/cultura.sma.gob.ar\/index.php?rest_route=\/wp\/v2\/posts"}],"about":[{"href":"https:\/\/cultura.sma.gob.ar\/index.php?rest_route=\/wp\/v2\/types\/post"}],"author":[{"embeddable":true,"href":"https:\/\/cultura.sma.gob.ar\/index.php?rest_route=\/wp\/v2\/users\/1"}],"replies":[{"embeddable":true,"href":"https:\/\/cultura.sma.gob.ar\/index.php?rest_route=%2Fwp%2Fv2%2Fcomments&post=6328"}],"version-history":[{"count":1,"href":"https:\/\/cultura.sma.gob.ar\/index.php?rest_route=\/wp\/v2\/posts\/6328\/revisions"}],"predecessor-version":[{"id":6331,"href":"https:\/\/cultura.sma.gob.ar\/index.php?rest_route=\/wp\/v2\/posts\/6328\/revisions\/6331"}],"wp:featuredmedia":[{"embeddable":true,"href":"https:\/\/cultura.sma.gob.ar\/index.php?rest_route=\/wp\/v2\/media\/293"}],"wp:attachment":[{"href":"https:\/\/cultura.sma.gob.ar\/index.php?rest_route=%2Fwp%2Fv2%2Fmedia&parent=6328"}],"wp:term":[{"taxonomy":"category","embeddable":true,"href":"https:\/\/cultura.sma.gob.ar\/index.php?rest_route=%2Fwp%2Fv2%2Fcategories&post=6328"},{"taxonomy":"post_tag","embeddable":true,"href":"https:\/\/cultura.sma.gob.ar\/index.php?rest_route=%2Fwp%2Fv2%2Ftags&post=6328"}],"curies":[{"name":"wp","href":"https:\/\/api.w.org\/{rel}","templated":true}]}}