{"id":6322,"date":"2025-01-13T11:18:01","date_gmt":"2025-01-13T14:18:01","guid":{"rendered":"http:\/\/cultura.sma.gob.ar\/?p=6322"},"modified":"2025-01-15T09:39:09","modified_gmt":"2025-01-15T12:39:09","slug":"cartelera-san-jose-titeres-para-toda-la-familia","status":"publish","type":"post","link":"https:\/\/cultura.sma.gob.ar\/?p=6322","title":{"rendered":"Cartelera San Jos\u00e9: T\u00edteres para toda la familia"},"content":{"rendered":"\n<figure class=\"wp-block-image size-large\"><img loading=\"lazy\" decoding=\"async\" width=\"724\" height=\"1024\" src=\"https:\/\/cultura.sma.gob.ar\/wp-content\/uploads\/2025\/01\/Outlook-olruha4b-724x1024.jpg\" alt=\"\" class=\"wp-image-6323\" srcset=\"https:\/\/cultura.sma.gob.ar\/wp-content\/uploads\/2025\/01\/Outlook-olruha4b-724x1024.jpg 724w, https:\/\/cultura.sma.gob.ar\/wp-content\/uploads\/2025\/01\/Outlook-olruha4b-212x300.jpg 212w, https:\/\/cultura.sma.gob.ar\/wp-content\/uploads\/2025\/01\/Outlook-olruha4b-768x1086.jpg 768w, https:\/\/cultura.sma.gob.ar\/wp-content\/uploads\/2025\/01\/Outlook-olruha4b-1086x1536.jpg 1086w, https:\/\/cultura.sma.gob.ar\/wp-content\/uploads\/2025\/01\/Outlook-olruha4b-64x90.jpg 64w, https:\/\/cultura.sma.gob.ar\/wp-content\/uploads\/2025\/01\/Outlook-olruha4b.jpg 1414w\" sizes=\"auto, (max-width: 724px) 100vw, 724px\" \/><\/figure>\n\n\n\n<p>Entradas a la gorra!!<\/p>\n\n\n\n<p>Espect\u00e1culo de t\u00edteres para toda la familia.<br>Serafina es una ni\u00f1a que quiere conocer el mundo y sabe que hay algo m\u00e1s all\u00e1 de lo que ve. Tan fuerte es su deseo que aparece Bailalana, la bailarina c\u00f3smica que crea todo a su paso, y juntas emprenderan una aventura llena de poes\u00eda.<br>Basada en el libro hom\u00f3nimo Irene Lozza, escritora y narradora de San Mart\u00edn de los Andes.<br>Titiritera: Margarita Fioriti.<\/p>\n","protected":false},"excerpt":{"rendered":"<p>Entradas a la gorra!! Espect\u00e1culo de t\u00edteres para toda la familia.Serafina es una ni\u00f1a que quiere conocer el mundo y sabe que hay algo m\u00e1s all\u00e1 de lo que ve. Tan fuerte es su deseo que aparece Bailalana, la bailarina c\u00f3smica que crea todo a su paso, y juntas emprenderan una aventura llena de poes\u00eda.Basada en el libro hom\u00f3nimo Irene Lozza, escritora y narradora de &hellip; <a href=\"https:\/\/cultura.sma.gob.ar\/?p=6322\" class=\"more-link\">Continue reading <span class=\"screen-reader-text\">Cartelera San Jos\u00e9: T\u00edteres para toda la familia<\/span><\/a><\/p>\n","protected":false},"author":1,"featured_media":292,"comment_status":"closed","ping_status":"","sticky":false,"template":"","format":"image","meta":{"footnotes":""},"categories":[8],"tags":[],"class_list":["post-6322","post","type-post","status-publish","format-image","has-post-thumbnail","hentry","category-teatro-san-jose","post_format-post-format-image"],"_links":{"self":[{"href":"https:\/\/cultura.sma.gob.ar\/index.php?rest_route=\/wp\/v2\/posts\/6322","targetHints":{"allow":["GET"]}}],"collection":[{"href":"https:\/\/cultura.sma.gob.ar\/index.php?rest_route=\/wp\/v2\/posts"}],"about":[{"href":"https:\/\/cultura.sma.gob.ar\/index.php?rest_route=\/wp\/v2\/types\/post"}],"author":[{"embeddable":true,"href":"https:\/\/cultura.sma.gob.ar\/index.php?rest_route=\/wp\/v2\/users\/1"}],"replies":[{"embeddable":true,"href":"https:\/\/cultura.sma.gob.ar\/index.php?rest_route=%2Fwp%2Fv2%2Fcomments&post=6322"}],"version-history":[{"count":2,"href":"https:\/\/cultura.sma.gob.ar\/index.php?rest_route=\/wp\/v2\/posts\/6322\/revisions"}],"predecessor-version":[{"id":6327,"href":"https:\/\/cultura.sma.gob.ar\/index.php?rest_route=\/wp\/v2\/posts\/6322\/revisions\/6327"}],"wp:featuredmedia":[{"embeddable":true,"href":"https:\/\/cultura.sma.gob.ar\/index.php?rest_route=\/wp\/v2\/media\/292"}],"wp:attachment":[{"href":"https:\/\/cultura.sma.gob.ar\/index.php?rest_route=%2Fwp%2Fv2%2Fmedia&parent=6322"}],"wp:term":[{"taxonomy":"category","embeddable":true,"href":"https:\/\/cultura.sma.gob.ar\/index.php?rest_route=%2Fwp%2Fv2%2Fcategories&post=6322"},{"taxonomy":"post_tag","embeddable":true,"href":"https:\/\/cultura.sma.gob.ar\/index.php?rest_route=%2Fwp%2Fv2%2Ftags&post=6322"}],"curies":[{"name":"wp","href":"https:\/\/api.w.org\/{rel}","templated":true}]}}