{"id":6318,"date":"2025-01-13T09:31:10","date_gmt":"2025-01-13T12:31:10","guid":{"rendered":"http:\/\/cultura.sma.gob.ar\/?p=6318"},"modified":"2025-01-13T09:31:10","modified_gmt":"2025-01-13T12:31:10","slug":"estaciones-culturales-2025-convocatoria-para-facilitadores-de-talleres-y-cursos-artisticos-y-culturales","status":"publish","type":"post","link":"https:\/\/cultura.sma.gob.ar\/?p=6318","title":{"rendered":"ESTACIONES CULTURALES 2025: Convocatoria para facilitadores de talleres y cursos art\u00edsticos y culturales"},"content":{"rendered":"\n<figure class=\"wp-block-image size-large\"><img loading=\"lazy\" decoding=\"async\" width=\"1024\" height=\"1024\" src=\"https:\/\/cultura.sma.gob.ar\/wp-content\/uploads\/2025\/01\/SMA-TC0015-Flyer-Convocatoria-Estaciones-Culturales-2025_1x1-1024x1024.jpg\" alt=\"\" class=\"wp-image-6319\" srcset=\"https:\/\/cultura.sma.gob.ar\/wp-content\/uploads\/2025\/01\/SMA-TC0015-Flyer-Convocatoria-Estaciones-Culturales-2025_1x1-1024x1024.jpg 1024w, https:\/\/cultura.sma.gob.ar\/wp-content\/uploads\/2025\/01\/SMA-TC0015-Flyer-Convocatoria-Estaciones-Culturales-2025_1x1-300x300.jpg 300w, https:\/\/cultura.sma.gob.ar\/wp-content\/uploads\/2025\/01\/SMA-TC0015-Flyer-Convocatoria-Estaciones-Culturales-2025_1x1-150x150.jpg 150w, https:\/\/cultura.sma.gob.ar\/wp-content\/uploads\/2025\/01\/SMA-TC0015-Flyer-Convocatoria-Estaciones-Culturales-2025_1x1-768x768.jpg 768w, https:\/\/cultura.sma.gob.ar\/wp-content\/uploads\/2025\/01\/SMA-TC0015-Flyer-Convocatoria-Estaciones-Culturales-2025_1x1-1536x1536.jpg 1536w, https:\/\/cultura.sma.gob.ar\/wp-content\/uploads\/2025\/01\/SMA-TC0015-Flyer-Convocatoria-Estaciones-Culturales-2025_1x1-2048x2048.jpg 2048w, https:\/\/cultura.sma.gob.ar\/wp-content\/uploads\/2025\/01\/SMA-TC0015-Flyer-Convocatoria-Estaciones-Culturales-2025_1x1-90x90.jpg 90w\" sizes=\"auto, (max-width: 1024px) 100vw, 1024px\" \/><\/figure>\n\n\n\n<p>La Secretar\u00eda de Cultura invita a presentar propuestas de talleres y cursos art\u00edsticos y culturales para la edici\u00f3n 2025 del programa \u201cEstaciones Culturales\u201d.<\/p>\n\n\n\n<p>El programa \u201cEstaciones Culturales\u201d ofrece una amplia gama de talleres art\u00edsticos y culturales gratuitos en distintos barrios de la localidad. Cada \u201cEstaci\u00f3n\u201d funciona hasta tres veces por semana desde las 16 hasta las 22 hs.\u00a0\u00a0<\/p>\n\n\n\n<p><strong>La convocatoria a facilitadoras y facilitadores para este a\u00f1o estar\u00e1 abierta desde el lunes 13 de enero hasta el domingo 23 de febrero.\u00a0<\/strong><\/p>\n\n\n\n<p><strong>Importante:<\/strong>\u00a0es condici\u00f3n indispensable contar con monotributo propio y activo al momento de presentarse a la convocatoria.\u00a0<\/p>\n\n\n\n<p>Para presentar propuestas, las personas interesadas deben completar el siguiente formulario:\u00a0<a rel=\"noreferrer noopener\" href=\"https:\/\/forms.gle\/orzLdvbCQmJADNo29\" target=\"_blank\">https:\/\/forms.gle\/orzLdvbCQmJADNo29<\/a>\u00a0<\/p>\n\n\n\n<p><em>Para consultas pod\u00e9s comunicarte a trav\u00e9s mail a&nbsp;<a href=\"mailto:tallerescultura.sma@gmail.com\" target=\"_blank\" rel=\"noreferrer noopener\">tallerescultura.sma@gmail.com<\/a>&nbsp;<\/em><\/p>\n","protected":false},"excerpt":{"rendered":"<p>La Secretar\u00eda de Cultura invita a presentar propuestas de talleres y cursos art\u00edsticos y culturales para la edici\u00f3n 2025 del programa \u201cEstaciones Culturales\u201d. El programa \u201cEstaciones Culturales\u201d ofrece una amplia gama de talleres art\u00edsticos y culturales gratuitos en distintos barrios de la localidad. Cada \u201cEstaci\u00f3n\u201d funciona hasta tres veces por semana desde las 16 hasta las 22 hs.\u00a0\u00a0 La convocatoria a facilitadoras y facilitadores para &hellip; <a href=\"https:\/\/cultura.sma.gob.ar\/?p=6318\" class=\"more-link\">Continue reading <span class=\"screen-reader-text\">ESTACIONES CULTURALES 2025: Convocatoria para facilitadores de talleres y cursos art\u00edsticos y culturales<\/span><\/a><\/p>\n","protected":false},"author":1,"featured_media":293,"comment_status":"closed","ping_status":"","sticky":false,"template":"","format":"image","meta":{"footnotes":""},"categories":[7,9],"tags":[],"class_list":["post-6318","post","type-post","status-publish","format-image","has-post-thumbnail","hentry","category-talleres-cultura","category-ultimas-noticias","post_format-post-format-image"],"_links":{"self":[{"href":"https:\/\/cultura.sma.gob.ar\/index.php?rest_route=\/wp\/v2\/posts\/6318","targetHints":{"allow":["GET"]}}],"collection":[{"href":"https:\/\/cultura.sma.gob.ar\/index.php?rest_route=\/wp\/v2\/posts"}],"about":[{"href":"https:\/\/cultura.sma.gob.ar\/index.php?rest_route=\/wp\/v2\/types\/post"}],"author":[{"embeddable":true,"href":"https:\/\/cultura.sma.gob.ar\/index.php?rest_route=\/wp\/v2\/users\/1"}],"replies":[{"embeddable":true,"href":"https:\/\/cultura.sma.gob.ar\/index.php?rest_route=%2Fwp%2Fv2%2Fcomments&post=6318"}],"version-history":[{"count":1,"href":"https:\/\/cultura.sma.gob.ar\/index.php?rest_route=\/wp\/v2\/posts\/6318\/revisions"}],"predecessor-version":[{"id":6320,"href":"https:\/\/cultura.sma.gob.ar\/index.php?rest_route=\/wp\/v2\/posts\/6318\/revisions\/6320"}],"wp:featuredmedia":[{"embeddable":true,"href":"https:\/\/cultura.sma.gob.ar\/index.php?rest_route=\/wp\/v2\/media\/293"}],"wp:attachment":[{"href":"https:\/\/cultura.sma.gob.ar\/index.php?rest_route=%2Fwp%2Fv2%2Fmedia&parent=6318"}],"wp:term":[{"taxonomy":"category","embeddable":true,"href":"https:\/\/cultura.sma.gob.ar\/index.php?rest_route=%2Fwp%2Fv2%2Fcategories&post=6318"},{"taxonomy":"post_tag","embeddable":true,"href":"https:\/\/cultura.sma.gob.ar\/index.php?rest_route=%2Fwp%2Fv2%2Ftags&post=6318"}],"curies":[{"name":"wp","href":"https:\/\/api.w.org\/{rel}","templated":true}]}}