{"id":6306,"date":"2025-01-09T18:21:41","date_gmt":"2025-01-09T21:21:41","guid":{"rendered":"http:\/\/cultura.sma.gob.ar\/?p=6306"},"modified":"2025-01-09T18:21:41","modified_gmt":"2025-01-09T21:21:41","slug":"este-sabado-se-disfrutara-la-1-noche-de-las-artes-2025","status":"publish","type":"post","link":"https:\/\/cultura.sma.gob.ar\/?p=6306","title":{"rendered":"Este s\u00e1bado se disfrutar\u00e1 la 1\u00b0 Noche de las Artes 2025"},"content":{"rendered":"\n<p>Este s\u00e1bado 11, desde las 19hs, la avenida San Mart\u00edn se vuelve peatonal para disfrutar del arte local en esta primera edici\u00f3n de la Noche de las Artes.<\/p>\n\n\n\n<div class=\"wp-block-jetpack-slideshow aligncenter\" data-effect=\"slide\"><div class=\"wp-block-jetpack-slideshow_container swiper-container\"><ul class=\"wp-block-jetpack-slideshow_swiper-wrapper swiper-wrapper\"><li class=\"wp-block-jetpack-slideshow_slide swiper-slide\"><figure><img loading=\"lazy\" decoding=\"async\" width=\"497\" height=\"598\" alt=\"\" class=\"wp-block-jetpack-slideshow_image wp-image-6311\" data-id=\"6311\" src=\"https:\/\/cultura.sma.gob.ar\/wp-content\/uploads\/2025\/01\/Screenshot-2025-01-09-5.54.54-PM.png\" srcset=\"https:\/\/cultura.sma.gob.ar\/wp-content\/uploads\/2025\/01\/Screenshot-2025-01-09-5.54.54-PM.png 497w, https:\/\/cultura.sma.gob.ar\/wp-content\/uploads\/2025\/01\/Screenshot-2025-01-09-5.54.54-PM-249x300.png 249w, https:\/\/cultura.sma.gob.ar\/wp-content\/uploads\/2025\/01\/Screenshot-2025-01-09-5.54.54-PM-75x90.png 75w\" sizes=\"auto, (max-width: 497px) 100vw, 497px\" \/><\/figure><\/li><\/ul><a class=\"wp-block-jetpack-slideshow_button-prev swiper-button-prev swiper-button-white\" role=\"button\"><\/a><a class=\"wp-block-jetpack-slideshow_button-next swiper-button-next swiper-button-white\" role=\"button\"><\/a><a aria-label=\"Pause Slideshow\" class=\"wp-block-jetpack-slideshow_button-pause\" role=\"button\"><\/a><div class=\"wp-block-jetpack-slideshow_pagination swiper-pagination swiper-pagination-white\"><\/div><\/div><\/div>\n\n\n\n<p>La\u00a0<a href=\"https:\/\/www.instagram.com\/explore\/tags\/nochedelasartes2025\/?hl=es\">#nochedelasartes2025<\/a>\u00a0contar\u00e1 con m\u00e1s de 100 expositores y m\u00e1s de 60 presentaciones esc\u00e9nicas, que se podr\u00e1n recorrer y disfrutar en la avenida San Mart\u00edn, desde Sarmiento hasta Rivadavia, de forma libre y gratuita desde las 19hs y hasta la 01:00 am. <\/p>\n\n\n\n<p>Este a\u00f1o habr\u00e1 un espacio esc\u00e9nico nuevo, frente al jard\u00edn de Parques Nacionales, donde se presentar\u00e1n mon\u00f3logos perform\u00e1ticos de la producci\u00f3n teatral &#8220;Todo lo que est\u00e1 a mi lado&#8221;, con una duraci\u00f3n de 15 minutos cada uno.<\/p>\n\n\n\n<p><strong>Cortes de tr\u00e1nsito<\/strong><\/p>\n\n\n\n<p>Para poder preparar todo lo necesario para disfrutar de esta fiesta del arte sanmartinense, durante el s\u00e1bado 11, habr\u00e1 un corte total de tr\u00e1nsito desde las 7:00 am en la avenida San Mart\u00edn, desde Sarmiento hasta Rivadavia. Las calles perpendiculares desde Elordi hasta M. Moreno tendr\u00e1n una interrupci\u00f3n de tr\u00e1nsito de media cuadra a cada lado de la avenida, desde las 18hs. <\/p>\n\n\n\n<p><strong>Programa completo del evento:<\/strong><\/p>\n\n\n\n<div class=\"wp-block-jetpack-slideshow aligncenter\" data-effect=\"slide\"><div class=\"wp-block-jetpack-slideshow_container swiper-container\"><ul class=\"wp-block-jetpack-slideshow_swiper-wrapper swiper-wrapper\"><li class=\"wp-block-jetpack-slideshow_slide swiper-slide\"><figure><img loading=\"lazy\" decoding=\"async\" width=\"1024\" height=\"1017\" alt=\"\" class=\"wp-block-jetpack-slideshow_image wp-image-6308\" data-id=\"6308\" src=\"http:\/\/cultura.sma.gob.ar\/wp-content\/uploads\/2025\/01\/SMA-GE0020-Noche-de-las-Artes-2025-Enero-2025-PROGRAMA-05-1024x1017.jpg\" srcset=\"https:\/\/cultura.sma.gob.ar\/wp-content\/uploads\/2025\/01\/SMA-GE0020-Noche-de-las-Artes-2025-Enero-2025-PROGRAMA-05-1024x1017.jpg 1024w, https:\/\/cultura.sma.gob.ar\/wp-content\/uploads\/2025\/01\/SMA-GE0020-Noche-de-las-Artes-2025-Enero-2025-PROGRAMA-05-300x298.jpg 300w, https:\/\/cultura.sma.gob.ar\/wp-content\/uploads\/2025\/01\/SMA-GE0020-Noche-de-las-Artes-2025-Enero-2025-PROGRAMA-05-150x150.jpg 150w, https:\/\/cultura.sma.gob.ar\/wp-content\/uploads\/2025\/01\/SMA-GE0020-Noche-de-las-Artes-2025-Enero-2025-PROGRAMA-05-768x763.jpg 768w, https:\/\/cultura.sma.gob.ar\/wp-content\/uploads\/2025\/01\/SMA-GE0020-Noche-de-las-Artes-2025-Enero-2025-PROGRAMA-05-1536x1526.jpg 1536w, https:\/\/cultura.sma.gob.ar\/wp-content\/uploads\/2025\/01\/SMA-GE0020-Noche-de-las-Artes-2025-Enero-2025-PROGRAMA-05-2048x2034.jpg 2048w, https:\/\/cultura.sma.gob.ar\/wp-content\/uploads\/2025\/01\/SMA-GE0020-Noche-de-las-Artes-2025-Enero-2025-PROGRAMA-05-91x90.jpg 91w\" sizes=\"auto, (max-width: 1024px) 100vw, 1024px\" \/><\/figure><\/li><li class=\"wp-block-jetpack-slideshow_slide swiper-slide\"><figure><img loading=\"lazy\" decoding=\"async\" width=\"1024\" height=\"1017\" alt=\"\" class=\"wp-block-jetpack-slideshow_image wp-image-6307\" data-id=\"6307\" src=\"http:\/\/cultura.sma.gob.ar\/wp-content\/uploads\/2025\/01\/SMA-GE0020-Noche-de-las-Artes-2025-Enero-2025-PROGRAMA-03-1024x1017.jpg\" srcset=\"https:\/\/cultura.sma.gob.ar\/wp-content\/uploads\/2025\/01\/SMA-GE0020-Noche-de-las-Artes-2025-Enero-2025-PROGRAMA-03-1024x1017.jpg 1024w, https:\/\/cultura.sma.gob.ar\/wp-content\/uploads\/2025\/01\/SMA-GE0020-Noche-de-las-Artes-2025-Enero-2025-PROGRAMA-03-300x298.jpg 300w, https:\/\/cultura.sma.gob.ar\/wp-content\/uploads\/2025\/01\/SMA-GE0020-Noche-de-las-Artes-2025-Enero-2025-PROGRAMA-03-150x150.jpg 150w, https:\/\/cultura.sma.gob.ar\/wp-content\/uploads\/2025\/01\/SMA-GE0020-Noche-de-las-Artes-2025-Enero-2025-PROGRAMA-03-768x763.jpg 768w, https:\/\/cultura.sma.gob.ar\/wp-content\/uploads\/2025\/01\/SMA-GE0020-Noche-de-las-Artes-2025-Enero-2025-PROGRAMA-03-1536x1526.jpg 1536w, https:\/\/cultura.sma.gob.ar\/wp-content\/uploads\/2025\/01\/SMA-GE0020-Noche-de-las-Artes-2025-Enero-2025-PROGRAMA-03-2048x2034.jpg 2048w, https:\/\/cultura.sma.gob.ar\/wp-content\/uploads\/2025\/01\/SMA-GE0020-Noche-de-las-Artes-2025-Enero-2025-PROGRAMA-03-91x90.jpg 91w\" sizes=\"auto, (max-width: 1024px) 100vw, 1024px\" \/><\/figure><\/li><li class=\"wp-block-jetpack-slideshow_slide swiper-slide\"><figure><img loading=\"lazy\" decoding=\"async\" width=\"1024\" height=\"1017\" alt=\"\" class=\"wp-block-jetpack-slideshow_image wp-image-6309\" data-id=\"6309\" src=\"http:\/\/cultura.sma.gob.ar\/wp-content\/uploads\/2025\/01\/SMA-GE0020-Noche-de-las-Artes-2025-Enero-2025-PROGRAMA-04-1024x1017.jpg\" srcset=\"https:\/\/cultura.sma.gob.ar\/wp-content\/uploads\/2025\/01\/SMA-GE0020-Noche-de-las-Artes-2025-Enero-2025-PROGRAMA-04-1024x1017.jpg 1024w, https:\/\/cultura.sma.gob.ar\/wp-content\/uploads\/2025\/01\/SMA-GE0020-Noche-de-las-Artes-2025-Enero-2025-PROGRAMA-04-300x298.jpg 300w, https:\/\/cultura.sma.gob.ar\/wp-content\/uploads\/2025\/01\/SMA-GE0020-Noche-de-las-Artes-2025-Enero-2025-PROGRAMA-04-150x150.jpg 150w, https:\/\/cultura.sma.gob.ar\/wp-content\/uploads\/2025\/01\/SMA-GE0020-Noche-de-las-Artes-2025-Enero-2025-PROGRAMA-04-768x763.jpg 768w, https:\/\/cultura.sma.gob.ar\/wp-content\/uploads\/2025\/01\/SMA-GE0020-Noche-de-las-Artes-2025-Enero-2025-PROGRAMA-04-1536x1526.jpg 1536w, https:\/\/cultura.sma.gob.ar\/wp-content\/uploads\/2025\/01\/SMA-GE0020-Noche-de-las-Artes-2025-Enero-2025-PROGRAMA-04-2048x2034.jpg 2048w, https:\/\/cultura.sma.gob.ar\/wp-content\/uploads\/2025\/01\/SMA-GE0020-Noche-de-las-Artes-2025-Enero-2025-PROGRAMA-04-91x90.jpg 91w\" sizes=\"auto, (max-width: 1024px) 100vw, 1024px\" \/><\/figure><\/li><\/ul><a class=\"wp-block-jetpack-slideshow_button-prev swiper-button-prev swiper-button-white\" role=\"button\"><\/a><a class=\"wp-block-jetpack-slideshow_button-next swiper-button-next swiper-button-white\" role=\"button\"><\/a><a aria-label=\"Pause Slideshow\" class=\"wp-block-jetpack-slideshow_button-pause\" role=\"button\"><\/a><div class=\"wp-block-jetpack-slideshow_pagination swiper-pagination swiper-pagination-white\"><\/div><\/div><\/div>\n\n\n\n<h3 class=\"wp-block-heading\"><strong>Refuerzo de servicio de transporte p\u00fablico para disfrutar de este evento:<\/strong><\/h3>\n\n\n\n<figure class=\"wp-block-image size-large\"><img loading=\"lazy\" decoding=\"async\" width=\"979\" height=\"930\" src=\"https:\/\/cultura.sma.gob.ar\/wp-content\/uploads\/2025\/01\/WhatsApp-Image-2025-01-09-at-6.20.33-PM.jpeg\" alt=\"\" class=\"wp-image-6313\" srcset=\"https:\/\/cultura.sma.gob.ar\/wp-content\/uploads\/2025\/01\/WhatsApp-Image-2025-01-09-at-6.20.33-PM.jpeg 979w, https:\/\/cultura.sma.gob.ar\/wp-content\/uploads\/2025\/01\/WhatsApp-Image-2025-01-09-at-6.20.33-PM-300x285.jpeg 300w, https:\/\/cultura.sma.gob.ar\/wp-content\/uploads\/2025\/01\/WhatsApp-Image-2025-01-09-at-6.20.33-PM-768x730.jpeg 768w, https:\/\/cultura.sma.gob.ar\/wp-content\/uploads\/2025\/01\/WhatsApp-Image-2025-01-09-at-6.20.33-PM-95x90.jpeg 95w\" sizes=\"auto, (max-width: 979px) 100vw, 979px\" \/><\/figure>\n","protected":false},"excerpt":{"rendered":"<p>Este s\u00e1bado 11, desde las 19hs, la avenida San Mart\u00edn se vuelve peatonal para disfrutar del arte local en esta primera edici\u00f3n de la Noche de las Artes. La\u00a0#nochedelasartes2025\u00a0contar\u00e1 con m\u00e1s de 100 expositores y m\u00e1s de 60 presentaciones esc\u00e9nicas, que se podr\u00e1n recorrer y disfrutar en la avenida San Mart\u00edn, desde Sarmiento hasta Rivadavia, de forma libre y gratuita desde las 19hs y hasta &hellip; <a href=\"https:\/\/cultura.sma.gob.ar\/?p=6306\" class=\"more-link\">Continue reading <span class=\"screen-reader-text\">Este s\u00e1bado se disfrutar\u00e1 la 1\u00b0 Noche de las Artes 2025<\/span><\/a><\/p>\n","protected":false},"author":1,"featured_media":296,"comment_status":"closed","ping_status":"","sticky":false,"template":"","format":"image","meta":{"footnotes":""},"categories":[3,1,9],"tags":[],"class_list":["post-6306","post","type-post","status-publish","format-image","has-post-thumbnail","hentry","category-eventos-cultura","category-sin-categoria","category-ultimas-noticias","post_format-post-format-image"],"_links":{"self":[{"href":"https:\/\/cultura.sma.gob.ar\/index.php?rest_route=\/wp\/v2\/posts\/6306","targetHints":{"allow":["GET"]}}],"collection":[{"href":"https:\/\/cultura.sma.gob.ar\/index.php?rest_route=\/wp\/v2\/posts"}],"about":[{"href":"https:\/\/cultura.sma.gob.ar\/index.php?rest_route=\/wp\/v2\/types\/post"}],"author":[{"embeddable":true,"href":"https:\/\/cultura.sma.gob.ar\/index.php?rest_route=\/wp\/v2\/users\/1"}],"replies":[{"embeddable":true,"href":"https:\/\/cultura.sma.gob.ar\/index.php?rest_route=%2Fwp%2Fv2%2Fcomments&post=6306"}],"version-history":[{"count":2,"href":"https:\/\/cultura.sma.gob.ar\/index.php?rest_route=\/wp\/v2\/posts\/6306\/revisions"}],"predecessor-version":[{"id":6314,"href":"https:\/\/cultura.sma.gob.ar\/index.php?rest_route=\/wp\/v2\/posts\/6306\/revisions\/6314"}],"wp:featuredmedia":[{"embeddable":true,"href":"https:\/\/cultura.sma.gob.ar\/index.php?rest_route=\/wp\/v2\/media\/296"}],"wp:attachment":[{"href":"https:\/\/cultura.sma.gob.ar\/index.php?rest_route=%2Fwp%2Fv2%2Fmedia&parent=6306"}],"wp:term":[{"taxonomy":"category","embeddable":true,"href":"https:\/\/cultura.sma.gob.ar\/index.php?rest_route=%2Fwp%2Fv2%2Fcategories&post=6306"},{"taxonomy":"post_tag","embeddable":true,"href":"https:\/\/cultura.sma.gob.ar\/index.php?rest_route=%2Fwp%2Fv2%2Ftags&post=6306"}],"curies":[{"name":"wp","href":"https:\/\/api.w.org\/{rel}","templated":true}]}}