{"id":6300,"date":"2025-01-07T08:45:45","date_gmt":"2025-01-07T11:45:45","guid":{"rendered":"http:\/\/cultura.sma.gob.ar\/?p=6300"},"modified":"2025-01-07T08:45:45","modified_gmt":"2025-01-07T11:45:45","slug":"abrio-la-1-convocatoria-del-fondo-municipal-de-las-artes","status":"publish","type":"post","link":"https:\/\/cultura.sma.gob.ar\/?p=6300","title":{"rendered":"Abri\u00f3 la 1\u00b0 convocatoria del Fondo Municipal de las Artes"},"content":{"rendered":"\n<figure class=\"wp-block-image size-large\"><img loading=\"lazy\" decoding=\"async\" width=\"1024\" height=\"1024\" src=\"https:\/\/cultura.sma.gob.ar\/wp-content\/uploads\/2025\/01\/SMA-C0012-Convocatoria-Fondo-Municipal-de-las-Artes_1x1-1024x1024.jpg\" alt=\"\" class=\"wp-image-6301\" srcset=\"https:\/\/cultura.sma.gob.ar\/wp-content\/uploads\/2025\/01\/SMA-C0012-Convocatoria-Fondo-Municipal-de-las-Artes_1x1-1024x1024.jpg 1024w, https:\/\/cultura.sma.gob.ar\/wp-content\/uploads\/2025\/01\/SMA-C0012-Convocatoria-Fondo-Municipal-de-las-Artes_1x1-300x300.jpg 300w, https:\/\/cultura.sma.gob.ar\/wp-content\/uploads\/2025\/01\/SMA-C0012-Convocatoria-Fondo-Municipal-de-las-Artes_1x1-150x150.jpg 150w, https:\/\/cultura.sma.gob.ar\/wp-content\/uploads\/2025\/01\/SMA-C0012-Convocatoria-Fondo-Municipal-de-las-Artes_1x1-768x768.jpg 768w, https:\/\/cultura.sma.gob.ar\/wp-content\/uploads\/2025\/01\/SMA-C0012-Convocatoria-Fondo-Municipal-de-las-Artes_1x1-1536x1536.jpg 1536w, https:\/\/cultura.sma.gob.ar\/wp-content\/uploads\/2025\/01\/SMA-C0012-Convocatoria-Fondo-Municipal-de-las-Artes_1x1-2048x2048.jpg 2048w, https:\/\/cultura.sma.gob.ar\/wp-content\/uploads\/2025\/01\/SMA-C0012-Convocatoria-Fondo-Municipal-de-las-Artes_1x1-90x90.jpg 90w\" sizes=\"auto, (max-width: 1024px) 100vw, 1024px\" \/><\/figure>\n\n\n\n<p>La Secretar\u00eda de Cultura tiene el agrado de anunciar que est\u00e1 abierta la <strong>convocatoria para presentar postulaciones para recibir subsidios destinados a cubrir de forma parcial los costos de producci\u00f3n de un evento cultural a desarrollarse en la localidad entre el 1 de mayo y el 31 de agosto de 2025. En esta oportunidad se seleccionar\u00e1n hasta tres eventos culturales a los que se les otorgar\u00e1 un subsidio de hasta $2.000.000 cada uno.<\/strong><\/p>\n\n\n\n<p>El Fondo Municipal de las Artes \u201cElena Lapuente\u201d es una nueva pol\u00edtica cultural de San Mart\u00edn de los Andes destinada a estimular, proteger e impulsar la creaci\u00f3n y producci\u00f3n art\u00edstica de hacedores culturales de la ciudad; facilitando el acceso al arte a todos los miembros de la comunidad y propiciando la formaci\u00f3n de p\u00fablico, la diversidad cultural y el turismo cultural.&nbsp;<\/p>\n\n\n\n<p>Pueden postularse organizaciones civiles con personer\u00eda jur\u00eddica vigente y agrupaciones sin personer\u00eda jur\u00eddica que cumplan con los requisitos establecidos en las bases y condiciones.&nbsp;<\/p>\n\n\n\n<p><strong>La fecha l\u00edmite para enviar las postulaciones es el 16 de febrero de 2025.<\/strong><\/p>\n\n\n\n<p>Consult\u00e1 las bases y condiciones en: <a href=\"https:\/\/drive.google.com\/file\/d\/18hQtGpHT9GmQ_L0mHoN56vBTOTCf1zje\/view?usp=sharing\">https:\/\/drive.google.com\/file\/d\/18hQtGpHT9GmQ_L0mHoN56vBTOTCf1zje\/view?usp=sharing<\/a>&nbsp;<\/p>\n\n\n\n<p>Consult\u00e1 la Ordenanza 14369\/24 y su reglamentaci\u00f3n en: <a href=\"https:\/\/drive.google.com\/file\/d\/13MjS8cLkCdsVpYleCb2sB2cC3bvqrkfV\/view?usp=sharing\">https:\/\/drive.google.com\/file\/d\/13MjS8cLkCdsVpYleCb2sB2cC3bvqrkfV\/view?usp=sharing<\/a>&nbsp;<\/p>\n\n\n\n<p><strong>Para postularse deber\u00e1n completar el siguiente formulario:<\/strong><a href=\"https:\/\/forms.gle\/YB3DZDM3NChX2eMU8\"> <\/a><a href=\"https:\/\/forms.gle\/YB3DZDM3NChX2eMU8\">https:\/\/forms.gle\/YB3DZDM3NChX2eMU8<\/a><\/p>\n\n\n\n<p>Para consultas pod\u00e9s escribirnos por mail a fondomunicipaldelasartes.sma@gmail.com<\/p>\n","protected":false},"excerpt":{"rendered":"<p>La Secretar\u00eda de Cultura tiene el agrado de anunciar que est\u00e1 abierta la convocatoria para presentar postulaciones para recibir subsidios destinados a cubrir de forma parcial los costos de producci\u00f3n de un evento cultural a desarrollarse en la localidad entre el 1 de mayo y el 31 de agosto de 2025. En esta oportunidad se seleccionar\u00e1n hasta tres eventos culturales a los que se les &hellip; <a href=\"https:\/\/cultura.sma.gob.ar\/?p=6300\" class=\"more-link\">Continue reading <span class=\"screen-reader-text\">Abri\u00f3 la 1\u00b0 convocatoria del Fondo Municipal de las Artes<\/span><\/a><\/p>\n","protected":false},"author":1,"featured_media":296,"comment_status":"closed","ping_status":"","sticky":false,"template":"","format":"image","meta":{"footnotes":""},"categories":[9],"tags":[],"class_list":["post-6300","post","type-post","status-publish","format-image","has-post-thumbnail","hentry","category-ultimas-noticias","post_format-post-format-image"],"_links":{"self":[{"href":"https:\/\/cultura.sma.gob.ar\/index.php?rest_route=\/wp\/v2\/posts\/6300","targetHints":{"allow":["GET"]}}],"collection":[{"href":"https:\/\/cultura.sma.gob.ar\/index.php?rest_route=\/wp\/v2\/posts"}],"about":[{"href":"https:\/\/cultura.sma.gob.ar\/index.php?rest_route=\/wp\/v2\/types\/post"}],"author":[{"embeddable":true,"href":"https:\/\/cultura.sma.gob.ar\/index.php?rest_route=\/wp\/v2\/users\/1"}],"replies":[{"embeddable":true,"href":"https:\/\/cultura.sma.gob.ar\/index.php?rest_route=%2Fwp%2Fv2%2Fcomments&post=6300"}],"version-history":[{"count":1,"href":"https:\/\/cultura.sma.gob.ar\/index.php?rest_route=\/wp\/v2\/posts\/6300\/revisions"}],"predecessor-version":[{"id":6302,"href":"https:\/\/cultura.sma.gob.ar\/index.php?rest_route=\/wp\/v2\/posts\/6300\/revisions\/6302"}],"wp:featuredmedia":[{"embeddable":true,"href":"https:\/\/cultura.sma.gob.ar\/index.php?rest_route=\/wp\/v2\/media\/296"}],"wp:attachment":[{"href":"https:\/\/cultura.sma.gob.ar\/index.php?rest_route=%2Fwp%2Fv2%2Fmedia&parent=6300"}],"wp:term":[{"taxonomy":"category","embeddable":true,"href":"https:\/\/cultura.sma.gob.ar\/index.php?rest_route=%2Fwp%2Fv2%2Fcategories&post=6300"},{"taxonomy":"post_tag","embeddable":true,"href":"https:\/\/cultura.sma.gob.ar\/index.php?rest_route=%2Fwp%2Fv2%2Ftags&post=6300"}],"curies":[{"name":"wp","href":"https:\/\/api.w.org\/{rel}","templated":true}]}}