{"id":6292,"date":"2025-01-06T09:22:37","date_gmt":"2025-01-06T12:22:37","guid":{"rendered":"http:\/\/cultura.sma.gob.ar\/?p=6292"},"modified":"2025-01-06T09:22:37","modified_gmt":"2025-01-06T12:22:37","slug":"flora-y-forja-exposicion-de-kira-mamontoff-y-mariano-celiz","status":"publish","type":"post","link":"https:\/\/cultura.sma.gob.ar\/?p=6292","title":{"rendered":"Flora y Forja: exposici\u00f3n de Kira Mamontoff y Mariano C\u00e9liz"},"content":{"rendered":"\n<figure class=\"wp-block-image size-large\"><img loading=\"lazy\" decoding=\"async\" width=\"1024\" height=\"1024\" src=\"https:\/\/cultura.sma.gob.ar\/wp-content\/uploads\/2025\/01\/SMA-LC0041-Expo-Celiz-y-Kira-RRSS_1x1-Celiz-1024x1024.jpg\" alt=\"\" class=\"wp-image-6293\" srcset=\"https:\/\/cultura.sma.gob.ar\/wp-content\/uploads\/2025\/01\/SMA-LC0041-Expo-Celiz-y-Kira-RRSS_1x1-Celiz-1024x1024.jpg 1024w, https:\/\/cultura.sma.gob.ar\/wp-content\/uploads\/2025\/01\/SMA-LC0041-Expo-Celiz-y-Kira-RRSS_1x1-Celiz-300x300.jpg 300w, https:\/\/cultura.sma.gob.ar\/wp-content\/uploads\/2025\/01\/SMA-LC0041-Expo-Celiz-y-Kira-RRSS_1x1-Celiz-150x150.jpg 150w, https:\/\/cultura.sma.gob.ar\/wp-content\/uploads\/2025\/01\/SMA-LC0041-Expo-Celiz-y-Kira-RRSS_1x1-Celiz-768x768.jpg 768w, https:\/\/cultura.sma.gob.ar\/wp-content\/uploads\/2025\/01\/SMA-LC0041-Expo-Celiz-y-Kira-RRSS_1x1-Celiz-1536x1536.jpg 1536w, https:\/\/cultura.sma.gob.ar\/wp-content\/uploads\/2025\/01\/SMA-LC0041-Expo-Celiz-y-Kira-RRSS_1x1-Celiz-2048x2048.jpg 2048w, https:\/\/cultura.sma.gob.ar\/wp-content\/uploads\/2025\/01\/SMA-LC0041-Expo-Celiz-y-Kira-RRSS_1x1-Celiz-90x90.jpg 90w\" sizes=\"auto, (max-width: 1024px) 100vw, 1024px\" \/><\/figure>\n\n\n\n<p><strong>INAUGURACI\u00d3N 10 DE ENERO DE 2025,\u00a020 H <br>Hasta el 27 de enero de 2025<\/strong><\/p>\n\n\n\n<p>De lunes a viernes de 10 a 12 y de 16:30 a 20:30 h. S\u00e1bados 16:30 a 20:30 h<br>Entrada libre y gratuita.<\/p>\n\n\n\n<p><strong>Flora y forja. Una musa, dos artistas &#8211; Kira Mamontoff y Emiliano C\u00e9liz<\/strong><\/p>\n\n\n\n<p>Las obras de Kira y Emiliano emergen de una profunda reverencia hacia la naturaleza, donde las formas org\u00e1nicas se convierten en una declaraci\u00f3n de lo bello, un reflejo de su v\u00ednculo \u00edntimo con el entorno.<\/p>\n\n\n\n<p>Las pinceladas inmortalizan la flor, despertando la vida en un papel. A fuerza de martillo, en los jarrones descansa un pedazo de esa esencia. El metal, lejos de ser s\u00f3lido, fluye y existe. Este di\u00e1logo in\u00e9dito entre forma y color es m\u00e1s que un encuentro: un preludio de la perenne b\u00fasqueda.<\/p>\n\n\n\n<p><strong>Emiliano Celiz, C\u00f3rdoba, 1965.<\/strong><\/p>\n\n\n\n<p>Cordob\u00e9s mudado a San Mart\u00edn de los Andes 21 a\u00f1os atr\u00e1s y platero hace 33, encontr\u00f3 en la Patagonia su norte, empez\u00f3 un camino sin fin en el cu\u00e1l se convirti\u00f3 en admirador de las texturas y simplezas del agua, el viento, el fr\u00edo y los bosques.<\/p>\n\n\n\n<p>Se volvi\u00f3 su testigo y c\u00f3mplice. Hoy explora diferentes t\u00e9cnicas pero siempre vali\u00e9ndose de la forja como promotora de su autoformaci\u00f3n art\u00edstica.<\/p>\n\n\n\n<p>Actualmente su trabajo se encuentra expuesto en diferentes galer\u00edas de arte en New York, Bruselas, Hamburgo y Argentina, y como parte del arte decorativo de casas y hoteles alrededor del mundo.<\/p>\n\n\n\n<p>WEBSITE:&nbsp;<a href=\"http:\/\/emilianoceliz.com\/\" target=\"_blank\" rel=\"noreferrer noopener\">emilianoceliz.com<\/a><\/p>\n\n\n\n<p>IG: @celizemiliano<\/p>\n\n\n\n<p><strong>Kira Mamontoff<\/strong><\/p>\n\n\n\n<p>Kira Mamontoff (Buenos Aires, 8 de marzo de 1976) es acuarelista que desde muy peque\u00f1a reconoci\u00f3 en la naturaleza, en especial en el mundo bot\u00e1nico y floral, una fuente de inspiraci\u00f3n para su creatividad. Creci\u00f3 en San Mart\u00edn de los Andes, entre monta\u00f1as y bosques nativos, sumergida en el jard\u00edn donde transcurri\u00f3 su infancia.<\/p>\n\n\n\n<p>No pinta lo que ve, sino lo que sucede despu\u00e9s de observar. Busca honrar la belleza y la sabidur\u00eda del mundo vegetal partiendo de una admiraci\u00f3n silenciosa, que resume las formas con poes\u00eda. Ve al arte como un ejercicio de la libertad m\u00e1s \u00edntima y feliz.<\/p>\n\n\n\n<p>La acuarela se ha convertido en un modo de vida, y al mismo tiempo, es el medio que la ayuda a comprenderla.<\/p>\n\n\n\n<p>Comenz\u00f3 a experimentar con la t\u00e9cnica en 2005. Participa activamente de concursos, exposiciones y festivales. Sus obras han recibido premios y reconocimientos a nivel nacional e internacional. Dicta clases en diferentes ciudades y organiza retiros art\u00edsticos triling\u00fces.<\/p>\n\n\n\n<p><a href=\"http:\/\/www.kiramamontova.com\/\" target=\"_blank\" rel=\"noreferrer noopener\">www.kiramamontova.com<\/a><\/p>\n\n\n\n<p>@kirasmamontova<\/p>\n","protected":false},"excerpt":{"rendered":"<p>INAUGURACI\u00d3N 10 DE ENERO DE 2025,\u00a020 H Hasta el 27 de enero de 2025 De lunes a viernes de 10 a 12 y de 16:30 a 20:30 h. S\u00e1bados 16:30 a 20:30 hEntrada libre y gratuita. Flora y forja. Una musa, dos artistas &#8211; Kira Mamontoff y Emiliano C\u00e9liz Las obras de Kira y Emiliano emergen de una profunda reverencia hacia la naturaleza, donde las &hellip; <a href=\"https:\/\/cultura.sma.gob.ar\/?p=6292\" class=\"more-link\">Continue reading <span class=\"screen-reader-text\">Flora y Forja: exposici\u00f3n de Kira Mamontoff y Mariano C\u00e9liz<\/span><\/a><\/p>\n","protected":false},"author":1,"featured_media":295,"comment_status":"closed","ping_status":"","sticky":false,"template":"","format":"image","meta":{"footnotes":""},"categories":[6,9],"tags":[],"class_list":["post-6292","post","type-post","status-publish","format-image","has-post-thumbnail","hentry","category-sala-lidaura-chapitel","category-ultimas-noticias","post_format-post-format-image"],"_links":{"self":[{"href":"https:\/\/cultura.sma.gob.ar\/index.php?rest_route=\/wp\/v2\/posts\/6292","targetHints":{"allow":["GET"]}}],"collection":[{"href":"https:\/\/cultura.sma.gob.ar\/index.php?rest_route=\/wp\/v2\/posts"}],"about":[{"href":"https:\/\/cultura.sma.gob.ar\/index.php?rest_route=\/wp\/v2\/types\/post"}],"author":[{"embeddable":true,"href":"https:\/\/cultura.sma.gob.ar\/index.php?rest_route=\/wp\/v2\/users\/1"}],"replies":[{"embeddable":true,"href":"https:\/\/cultura.sma.gob.ar\/index.php?rest_route=%2Fwp%2Fv2%2Fcomments&post=6292"}],"version-history":[{"count":1,"href":"https:\/\/cultura.sma.gob.ar\/index.php?rest_route=\/wp\/v2\/posts\/6292\/revisions"}],"predecessor-version":[{"id":6294,"href":"https:\/\/cultura.sma.gob.ar\/index.php?rest_route=\/wp\/v2\/posts\/6292\/revisions\/6294"}],"wp:featuredmedia":[{"embeddable":true,"href":"https:\/\/cultura.sma.gob.ar\/index.php?rest_route=\/wp\/v2\/media\/295"}],"wp:attachment":[{"href":"https:\/\/cultura.sma.gob.ar\/index.php?rest_route=%2Fwp%2Fv2%2Fmedia&parent=6292"}],"wp:term":[{"taxonomy":"category","embeddable":true,"href":"https:\/\/cultura.sma.gob.ar\/index.php?rest_route=%2Fwp%2Fv2%2Fcategories&post=6292"},{"taxonomy":"post_tag","embeddable":true,"href":"https:\/\/cultura.sma.gob.ar\/index.php?rest_route=%2Fwp%2Fv2%2Ftags&post=6292"}],"curies":[{"name":"wp","href":"https:\/\/api.w.org\/{rel}","templated":true}]}}