{"id":6288,"date":"2025-01-06T09:17:27","date_gmt":"2025-01-06T12:17:27","guid":{"rendered":"http:\/\/cultura.sma.gob.ar\/?p=6288"},"modified":"2025-01-06T09:17:27","modified_gmt":"2025-01-06T12:17:27","slug":"talleres-en-el-san-jose-entrenamiento-fisico-teatral","status":"publish","type":"post","link":"https:\/\/cultura.sma.gob.ar\/?p=6288","title":{"rendered":"Talleres en el San Jos\u00e9: entrenamiento f\u00edsico teatral"},"content":{"rendered":"\n<figure class=\"wp-block-image size-large\"><img loading=\"lazy\" decoding=\"async\" width=\"1024\" height=\"1024\" src=\"https:\/\/cultura.sma.gob.ar\/wp-content\/uploads\/2025\/01\/WhatsApp-Image-2025-01-03-at-10.12.47-1-1024x1024.jpeg\" alt=\"\" class=\"wp-image-6290\" srcset=\"https:\/\/cultura.sma.gob.ar\/wp-content\/uploads\/2025\/01\/WhatsApp-Image-2025-01-03-at-10.12.47-1-1024x1024.jpeg 1024w, https:\/\/cultura.sma.gob.ar\/wp-content\/uploads\/2025\/01\/WhatsApp-Image-2025-01-03-at-10.12.47-1-300x300.jpeg 300w, https:\/\/cultura.sma.gob.ar\/wp-content\/uploads\/2025\/01\/WhatsApp-Image-2025-01-03-at-10.12.47-1-150x150.jpeg 150w, https:\/\/cultura.sma.gob.ar\/wp-content\/uploads\/2025\/01\/WhatsApp-Image-2025-01-03-at-10.12.47-1-768x768.jpeg 768w, https:\/\/cultura.sma.gob.ar\/wp-content\/uploads\/2025\/01\/WhatsApp-Image-2025-01-03-at-10.12.47-1-90x90.jpeg 90w, https:\/\/cultura.sma.gob.ar\/wp-content\/uploads\/2025\/01\/WhatsApp-Image-2025-01-03-at-10.12.47-1.jpeg 1080w\" sizes=\"auto, (max-width: 1024px) 100vw, 1024px\" \/><\/figure>\n\n\n\n<p>Entrenamiento f\u00edsico y trabajo dramat\u00fargico-creativo, d\u00f3nde se trabajar\u00e1 con el cuerpo, el espacio, la relaci\u00f3n con los compa\u00f1eros y objetos, la improvisaci\u00f3n y dramaturgia de los int\u00e9rpretes, para as\u00ed construir escenas desde la imagen.<\/p>\n\n\n\n<p>ENTRENAMIENTO FISICO\u00a0<\/p>\n\n\n\n<p>La afinaci\u00f3n del cuerpo del int\u00e9rprete y la experimentaci\u00f3n del proceso creativo desde la \u00a0grupalidad.Desarrollo del entrenamientoLa propuesta pedag\u00f3gica est\u00e1 basada en entrenamiento f\u00edsico y vocal que busca la integraci\u00f3n y la naturaleza del cuerpo del actor en relaci\u00f3n con sus compa\u00f1eros, espacio y tiempo.<\/p>\n\n\n\n<p>Experimentaci\u00f3n desde el proceso creativo.\u00a0<br>Apuntado a generar material esc\u00e9nico con diversas \u00a0herramientas creativas que nos permitir\u00e1n acercarnos al montaje esc\u00e9nico.\u00a0La tarea de este trabajo de montaje es darle un posible formato esc\u00e9nico a este inconsciente colectivo.Es el grupo que da forma al trabajo. Este trabajo ser\u00e1 guiado, pero la gu\u00eda de nada servir\u00e1 sin la pregunta. La incertidumbre debe ser un estado de tranquilidad frente al problema. El problema es nuestra soluci\u00f3n, nuestro conflicto esc\u00e9nico, nuestra tensi\u00f3n dram\u00e1tica y por consecuencia creadora de universo y dramaturgia.<\/p>\n","protected":false},"excerpt":{"rendered":"<p>Entrenamiento f\u00edsico y trabajo dramat\u00fargico-creativo, d\u00f3nde se trabajar\u00e1 con el cuerpo, el espacio, la relaci\u00f3n con los compa\u00f1eros y objetos, la improvisaci\u00f3n y dramaturgia de los int\u00e9rpretes, para as\u00ed construir escenas desde la imagen. ENTRENAMIENTO FISICO\u00a0 La afinaci\u00f3n del cuerpo del int\u00e9rprete y la experimentaci\u00f3n del proceso creativo desde la \u00a0grupalidad.Desarrollo del entrenamientoLa propuesta pedag\u00f3gica est\u00e1 basada en entrenamiento f\u00edsico y vocal que busca la &hellip; <a href=\"https:\/\/cultura.sma.gob.ar\/?p=6288\" class=\"more-link\">Continue reading <span class=\"screen-reader-text\">Talleres en el San Jos\u00e9: entrenamiento f\u00edsico teatral<\/span><\/a><\/p>\n","protected":false},"author":1,"featured_media":292,"comment_status":"closed","ping_status":"","sticky":false,"template":"","format":"image","meta":{"footnotes":""},"categories":[7,8,9],"tags":[],"class_list":["post-6288","post","type-post","status-publish","format-image","has-post-thumbnail","hentry","category-talleres-cultura","category-teatro-san-jose","category-ultimas-noticias","post_format-post-format-image"],"_links":{"self":[{"href":"https:\/\/cultura.sma.gob.ar\/index.php?rest_route=\/wp\/v2\/posts\/6288","targetHints":{"allow":["GET"]}}],"collection":[{"href":"https:\/\/cultura.sma.gob.ar\/index.php?rest_route=\/wp\/v2\/posts"}],"about":[{"href":"https:\/\/cultura.sma.gob.ar\/index.php?rest_route=\/wp\/v2\/types\/post"}],"author":[{"embeddable":true,"href":"https:\/\/cultura.sma.gob.ar\/index.php?rest_route=\/wp\/v2\/users\/1"}],"replies":[{"embeddable":true,"href":"https:\/\/cultura.sma.gob.ar\/index.php?rest_route=%2Fwp%2Fv2%2Fcomments&post=6288"}],"version-history":[{"count":1,"href":"https:\/\/cultura.sma.gob.ar\/index.php?rest_route=\/wp\/v2\/posts\/6288\/revisions"}],"predecessor-version":[{"id":6291,"href":"https:\/\/cultura.sma.gob.ar\/index.php?rest_route=\/wp\/v2\/posts\/6288\/revisions\/6291"}],"wp:featuredmedia":[{"embeddable":true,"href":"https:\/\/cultura.sma.gob.ar\/index.php?rest_route=\/wp\/v2\/media\/292"}],"wp:attachment":[{"href":"https:\/\/cultura.sma.gob.ar\/index.php?rest_route=%2Fwp%2Fv2%2Fmedia&parent=6288"}],"wp:term":[{"taxonomy":"category","embeddable":true,"href":"https:\/\/cultura.sma.gob.ar\/index.php?rest_route=%2Fwp%2Fv2%2Fcategories&post=6288"},{"taxonomy":"post_tag","embeddable":true,"href":"https:\/\/cultura.sma.gob.ar\/index.php?rest_route=%2Fwp%2Fv2%2Ftags&post=6288"}],"curies":[{"name":"wp","href":"https:\/\/api.w.org\/{rel}","templated":true}]}}