{"id":6285,"date":"2025-01-06T09:13:06","date_gmt":"2025-01-06T12:13:06","guid":{"rendered":"http:\/\/cultura.sma.gob.ar\/?p=6285"},"modified":"2025-01-06T09:13:06","modified_gmt":"2025-01-06T12:13:06","slug":"ni-rotas-ni-descosidas-teatro-en-centro-cultural-cotesma","status":"publish","type":"post","link":"https:\/\/cultura.sma.gob.ar\/?p=6285","title":{"rendered":"&#8220;Ni rotas ni descosidas&#8221; &#8211; teatro en Centro Cultural Cotesma"},"content":{"rendered":"\n<figure class=\"wp-block-image size-large\"><img loading=\"lazy\" decoding=\"async\" width=\"562\" height=\"578\" src=\"https:\/\/cultura.sma.gob.ar\/wp-content\/uploads\/2025\/01\/Screenshot-2025-01-06-9.08.02-AM.png\" alt=\"\" class=\"wp-image-6286\" srcset=\"https:\/\/cultura.sma.gob.ar\/wp-content\/uploads\/2025\/01\/Screenshot-2025-01-06-9.08.02-AM.png 562w, https:\/\/cultura.sma.gob.ar\/wp-content\/uploads\/2025\/01\/Screenshot-2025-01-06-9.08.02-AM-292x300.png 292w, https:\/\/cultura.sma.gob.ar\/wp-content\/uploads\/2025\/01\/Screenshot-2025-01-06-9.08.02-AM-88x90.png 88w\" sizes=\"auto, (max-width: 562px) 100vw, 562px\" \/><\/figure>\n\n\n\n<figure class=\"wp-block-table\"><table><tbody><tr><td>El viernes 31 de enero a las 21:30hs, en nuestra querida Sala Amankay, volvemos a vivir una noche de comedia teatral de primer nivel. Llega San Mart\u00edn de los Andes \u201cNI ROTAS NI DESCOSIDAS\u201d de Dana Basso.<br>&nbsp;<br>Tres mujeres de 60 a\u00f1os se reencuentran para participar del espect\u00e1culo musical que se realizar\u00e1 a fin de juntar fondos para que la radio de su pueblo no se cierre. La amistad despu\u00e9s de muchos a\u00f1os, y la vida que sucede en un peque\u00f1o rinc\u00f3n en la provincia de Buenos Aires, con su sociedad, sus esperanzas, sus sue\u00f1os e ideales nos cuentan esta historia. Una historia de vida.<br><br><br>Ficha T\u00e9cnica:<br><strong><u>Act\u00faan<\/u><\/strong>:<br>Dana Basso \/ Cecile Caillon \/ Mariana Smibiansky<br><strong><u>Escenograf\u00eda<\/u><\/strong>: Carlos Di Pasquo<br><strong><u>Vestuario<\/u><\/strong>: Paula Molina<br><strong><u>Dise\u00f1o de Luces<\/u><\/strong>: Ricky Sica<br><strong><u>Puesta Coreogr\u00e1fica<\/u><\/strong>: Gabi Goldberg<br><strong><u>Asistencia de direcci\u00f3n<\/u><\/strong>: Facundo La Fuente<br><strong><u>Direcci\u00f3n Musical<\/u><\/strong>: Daniela Basso Primavera<br><strong><u>Direcci\u00f3n General<\/u><\/strong>: Gabi Goldberg<br><strong><u>Dramaturgia<\/u><\/strong>: Dana Basso<br><br>Entradas Numeradas. Anticipadas $8.000.-<br>El mismo d\u00eda $10.000.-<br>En venta, con d\u00e9bito, cr\u00e9dito o QR, en la Boleteria del Centro Cultural.<br><br>Sin\u00f3psis<br>\u201cNi rotas, ni Descosidas\u201d retrata a trav\u00e9s de estas tres mujeres, que se reencuentran e intentan recuperar el tiempo perdido en un lugar rec\u00f3ndito de nuestro pa\u00eds, la historia de muchas otras mujeres. Es el recorte de una peque\u00f1a porci\u00f3n de la sociedad, sacando el foco de la ciudad de Buenos Aires reflexionando sobre temas universales; la amistad, los sue\u00f1os perdidos, los ideales, la esperanza y el inexorable paso del tiempo. La radio y el teatro son los espacios donde este acto de comuni\u00f3n se har\u00e1 posible.<br>Mara, Dalila y Ro eran amigas hace 40 a\u00f1os en un pueblo de la Provincia de Buenos Aires y ten\u00edan un grupo con el que cantaban boleros. Participaban en los carnavales, las fiestas del pueblo y as\u00ed se hicieron bastante conocidas en los alrededores. En plena Dictadura Ro se va del pueblo y del pa\u00eds inesperadamente dejando a sus amigas y a su madre enferma en Los \u00c1ngeles, Pcia. de Buenos Aires sin dejar ning\u00fan rastro. Despu\u00e9s de bastante tiempo vuelven a saber de ella, pero es desde hace algunos meses que vuelven a encontrarse por videollamada. Ro tiene que volver porque su madre ha fallecido y Dalila le pide que participe en la Marat\u00f3n de Radio que se har\u00e1 con diferentes grupos musicales a fin de juntar fondos para que Radio Grillo, la radio del pueblo, no se cierre. Es en la intimidad del camar\u00edn del teatro donde conoceremos la historia de \u00e9stas mujeres.<\/td><\/tr><\/tbody><\/table><\/figure>\n\n\n\n<p><\/p>\n","protected":false},"excerpt":{"rendered":"<p>El viernes 31 de enero a las 21:30hs, en nuestra querida Sala Amankay, volvemos a vivir una noche de comedia teatral de primer nivel. Llega San Mart\u00edn de los Andes \u201cNI ROTAS NI DESCOSIDAS\u201d de Dana Basso.&nbsp;Tres mujeres de 60 a\u00f1os se reencuentran para participar del espect\u00e1culo musical que se realizar\u00e1 a fin de juntar fondos para que la radio de su pueblo no se &hellip; <a href=\"https:\/\/cultura.sma.gob.ar\/?p=6285\" class=\"more-link\">Continue reading <span class=\"screen-reader-text\">&#8220;Ni rotas ni descosidas&#8221; &#8211; teatro en Centro Cultural Cotesma<\/span><\/a><\/p>\n","protected":false},"author":1,"featured_media":297,"comment_status":"closed","ping_status":"","sticky":false,"template":"","format":"image","meta":{"footnotes":""},"categories":[2,9],"tags":[],"class_list":["post-6285","post","type-post","status-publish","format-image","has-post-thumbnail","hentry","category-ciudad-cultural","category-ultimas-noticias","post_format-post-format-image"],"_links":{"self":[{"href":"https:\/\/cultura.sma.gob.ar\/index.php?rest_route=\/wp\/v2\/posts\/6285","targetHints":{"allow":["GET"]}}],"collection":[{"href":"https:\/\/cultura.sma.gob.ar\/index.php?rest_route=\/wp\/v2\/posts"}],"about":[{"href":"https:\/\/cultura.sma.gob.ar\/index.php?rest_route=\/wp\/v2\/types\/post"}],"author":[{"embeddable":true,"href":"https:\/\/cultura.sma.gob.ar\/index.php?rest_route=\/wp\/v2\/users\/1"}],"replies":[{"embeddable":true,"href":"https:\/\/cultura.sma.gob.ar\/index.php?rest_route=%2Fwp%2Fv2%2Fcomments&post=6285"}],"version-history":[{"count":1,"href":"https:\/\/cultura.sma.gob.ar\/index.php?rest_route=\/wp\/v2\/posts\/6285\/revisions"}],"predecessor-version":[{"id":6287,"href":"https:\/\/cultura.sma.gob.ar\/index.php?rest_route=\/wp\/v2\/posts\/6285\/revisions\/6287"}],"wp:featuredmedia":[{"embeddable":true,"href":"https:\/\/cultura.sma.gob.ar\/index.php?rest_route=\/wp\/v2\/media\/297"}],"wp:attachment":[{"href":"https:\/\/cultura.sma.gob.ar\/index.php?rest_route=%2Fwp%2Fv2%2Fmedia&parent=6285"}],"wp:term":[{"taxonomy":"category","embeddable":true,"href":"https:\/\/cultura.sma.gob.ar\/index.php?rest_route=%2Fwp%2Fv2%2Fcategories&post=6285"},{"taxonomy":"post_tag","embeddable":true,"href":"https:\/\/cultura.sma.gob.ar\/index.php?rest_route=%2Fwp%2Fv2%2Ftags&post=6285"}],"curies":[{"name":"wp","href":"https:\/\/api.w.org\/{rel}","templated":true}]}}