{"id":6281,"date":"2025-01-03T11:39:09","date_gmt":"2025-01-03T14:39:09","guid":{"rendered":"http:\/\/cultura.sma.gob.ar\/?p=6281"},"modified":"2025-01-03T11:39:09","modified_gmt":"2025-01-03T14:39:09","slug":"comunicado-de-la-comision-municipal-de-preservacion-del-patrimonio-cultural","status":"publish","type":"post","link":"https:\/\/cultura.sma.gob.ar\/?p=6281","title":{"rendered":"COMUNICADO DE LA COMISI\u00d3N MUNICIPAL DE PRESERVACI\u00d3N DEL PATRIMONIO CULTURAL"},"content":{"rendered":"\n<figure class=\"wp-block-image size-large\"><img loading=\"lazy\" decoding=\"async\" width=\"835\" height=\"521\" src=\"https:\/\/cultura.sma.gob.ar\/wp-content\/uploads\/2025\/01\/Screenshot-2025-01-03-11.38.17-AM.png\" alt=\"\" class=\"wp-image-6282\" srcset=\"https:\/\/cultura.sma.gob.ar\/wp-content\/uploads\/2025\/01\/Screenshot-2025-01-03-11.38.17-AM.png 835w, https:\/\/cultura.sma.gob.ar\/wp-content\/uploads\/2025\/01\/Screenshot-2025-01-03-11.38.17-AM-300x187.png 300w, https:\/\/cultura.sma.gob.ar\/wp-content\/uploads\/2025\/01\/Screenshot-2025-01-03-11.38.17-AM-768x479.png 768w, https:\/\/cultura.sma.gob.ar\/wp-content\/uploads\/2025\/01\/Screenshot-2025-01-03-11.38.17-AM-144x90.png 144w\" sizes=\"auto, (max-width: 835px) 100vw, 835px\" \/><\/figure>\n\n\n\n<p>San Mart\u00edn de los Andes, 2 de enero de 2025. Acta N\u00ba 41 de la CMPPC.<\/p>\n\n\n\n<p>Ante los graves siniestros ocurridos los d\u00edas 27 y 30 de diciembre de 2024 en el inmueble patrimonial Casa Ragusi \u2013 Ex Club de Parques Nacionales, ubicado en Obeid al 956, la Comisi\u00f3n Municipal de Preservaci\u00f3n del Patrimonio Cultural informa a la comunidad:<\/p>\n\n\n\n<p><strong>Historia de la casa.<\/strong><\/p>\n\n\n\n<p>La Casa Ragusi \u2013 Ex Club de Parques Nacionales, fue construida por el c\u00e9lebre constructor Don Luis Tosi, a pedido del maestro Antonio Ragusi, en 1924.&nbsp; Originalmente se encontraba en Av. San Martin y Tte. Cnel. P\u00e9rez. Es una construcci\u00f3n de madera similar a otras de su \u00e9poca, con planta en forma de H. Se caracteriza por sus ventanas de vidrio repartido, el revestimiento de machimbre vertical en su fachada y el espacio semicubierto de la entrada, que cierra la morfolog\u00eda en forma de H y funciona como un gran hall de recibimiento. Los techos de chapa y cortes en forma de \u201ccola de pato\u201d tambi\u00e9n son caracter\u00edsticos de la \u00e9poca.<\/p>\n\n\n\n<p>A\u00f1os m\u00e1s tarde, Antonio Ragusi hizo construir la casa familiar en otro lote, alquilando la casa de madera a maestros solteros. Luego, cuando se termin\u00f3 el edificio de la Intendencia del Parque Nacional Lan\u00edn, en la d\u00e9cada del 50, la alquil\u00f3 a los empleados de ese organismo nacional, para que instalaran all\u00ed la sede de un club social. El club funcion\u00f3 en ese lugar durante 10 a\u00f1os aproximadamente. Permanec\u00eda abierto a sus socios y a parroquianos en general, que asist\u00edan a para compartir diferentes juegos, como el truco, el domin\u00f3, las bochas y el metegol. Tambi\u00e9n se organizaban asados. Era un sitio de encuentro y de actividades sociales variadas.<\/p>\n\n\n\n<p>Cuando, en 1960, el Banco Naci\u00f3n compr\u00f3 el solar para construir su sede, el Sr. Rodolfo Castillo adquiri\u00f3 la antigua casa de madera y la hizo trasladar al sitio donde est\u00e1 emplazada en la actualidad, sobre calle Gabriel Obeid, casi esquina Elordi. Para el traslado cortaron la casa en dos partes, afirm\u00e1ndola sobre basas de madera. Luego subieron ambas partes sobre rollizos colocados en el suelo, que iban corriendo a medida que la casa avanzaba, arrastrada por yuntas de bueyes.&nbsp;<\/p>\n\n\n\n<p>El Sr. Rodolfo Castillo falleci\u00f3 antes de rearmarla, por lo que esa tarea qued\u00f3 a cargo de su esposa, la enfermera Aurora Lizaso.<\/p>\n\n\n\n<p>El desarme, traslado y emplazamiento en una nueva ubicaci\u00f3n, ponen en relieve la importancia que ten\u00eda esa casa en la d\u00e9cada del 60 y el compromiso de la familia Castillo por preservarla, conociendo su alto valor simb\u00f3lico y social.<\/p>\n\n\n\n<p>En 1995 fue incorporada al listado de inmuebles con valor hist\u00f3rico, siendo en la actualidad Bien Integrante Pleno del Patrimonio Cultural Municipal, seg\u00fan consta en el Anexo I de la Ord. N\u00ba 13532\/22.<\/p>\n\n\n\n<p>Desde 2019 funcionaba all\u00ed el restaurante La Fondue de Betty. La casa estaba muy bien cuidada, tanto en su interior como en sus fachadas, demostrando el gran aprecio que ten\u00edan por ella tanto sus propietarios como su arrendataria.<\/p>\n\n\n\n<p>El 27 de diciembre de 2024 en horas del mediod\u00eda el edificio sufri\u00f3 un incendio que lo da\u00f1\u00f3 gravemente. El lunes 30 del mismo mes, se produjo otro incendio en la parte posterior, al lado de un galp\u00f3n, sin consecuencias mayores gracias a la pronta intervenci\u00f3n de los bomberos. Las causas de ambos siniestros est\u00e1n siendo investigadas.<\/p>\n\n\n\n<p><strong>Valoraci\u00f3n del edificio.<\/strong><\/p>\n\n\n\n<p>En 2023 un equipo de expertos contratados por el CFI a trav\u00e9s de una gesti\u00f3n de la Municipalidad, realiz\u00f3 el relevamiento y la catalogaci\u00f3n de todos los inmuebles patrimoniales, incorporando la participaci\u00f3n de un grupo de vecinos que realiz\u00f3 una valoraci\u00f3n de cada construcci\u00f3n, teniendo en cuenta los par\u00e1metros que establece la Ordenanza N\u00ba 13532\/22. El resultado de esta valoraci\u00f3n comunitaria, determin\u00f3 que la Casa Ragusi \u2013 Ex Club de Parques Nacionales, posee:<\/p>\n\n\n\n<ol class=\"wp-block-list\"><li>Alto Valor Hist\u00f3rico-Simb\u00f3lico-Social, por la relevancia del propietario y constructor originales, por el grado de representatividad en la historia oficial, popular y de valor anecd\u00f3tico, y por la significaci\u00f3n que la comunidad le otorga al bien como referente urbano.<\/li><li>Excepcional Valor Art\u00edstico-Arquitect\u00f3nico, por su grado de representatividad de una tipolog\u00eda constructiva propia de la etapa fundacional de la ciudad; y por la calidad del proyecto, resoluci\u00f3n formal y ornamentaci\u00f3n&nbsp;<\/li><li>Alto Valor Ambiental, porque conforma un tejido de valor especial desde el punto de vista paisaj\u00edstico y ambiental.&nbsp;<\/li><\/ol>\n\n\n\n<p>Esta valoraci\u00f3n, realizada a un siglo de la construcci\u00f3n de este edificio singular, reconfirma la importancia que posee, reconocida a trav\u00e9s de varias generaciones. Nos ha llegado este hermoso legado porque hubo varios propietarios y vecinos que se encargaron que protegerlo del paso del tiempo, con responsabilidad y un gran compromiso con la preservaci\u00f3n de una parte de la identidad de San Mart\u00edn de los Andes.&nbsp;<\/p>\n\n\n\n<p><strong>Solicitud de medidas para remediar el da\u00f1o ambiental.<\/strong><\/p>\n\n\n\n<p>Ante los graves siniestros que la Casa Ragusi \u2013 Ex Club de Parques Nacionales sufri\u00f3 recientemente, la Comisi\u00f3n Municipal de Preservaci\u00f3n del Patrimonio Cultural solicita una inmediata y esmerada intervenci\u00f3n de las autoridades que est\u00e1n trabajando en el caso, a saber: polic\u00eda provincial, bomberos voluntarios, fiscal interviniente, Secretar\u00eda de Cultura, Secretar\u00eda de Planificaci\u00f3n y Desarrollo Sustentable y Juzgado Municipal de Faltas; con el objeto de evitar que el da\u00f1o ambiental y patrimonial pueda agravarse.&nbsp;<\/p>\n\n\n\n<p>En este sentido, ya se acord\u00f3 con sus propietarios colocar un cerco en el frente del edificio, para evitar el ingreso de extra\u00f1os. Esta tarea la realizar\u00e1 la Municipalidad.&nbsp;<\/p>\n\n\n\n<p>Por \u00faltimo, la Comisi\u00f3n Municipal de Preservaci\u00f3n del Patrimonio Cultural queda a disposici\u00f3n de los propietarios y autoridades intervinientes para colaborar en lo que sea necesario.&nbsp;<\/p>\n","protected":false},"excerpt":{"rendered":"<p>San Mart\u00edn de los Andes, 2 de enero de 2025. Acta N\u00ba 41 de la CMPPC. Ante los graves siniestros ocurridos los d\u00edas 27 y 30 de diciembre de 2024 en el inmueble patrimonial Casa Ragusi \u2013 Ex Club de Parques Nacionales, ubicado en Obeid al 956, la Comisi\u00f3n Municipal de Preservaci\u00f3n del Patrimonio Cultural informa a la comunidad: Historia de la casa. La Casa &hellip; <a href=\"https:\/\/cultura.sma.gob.ar\/?p=6281\" class=\"more-link\">Continue reading <span class=\"screen-reader-text\">COMUNICADO DE LA COMISI\u00d3N MUNICIPAL DE PRESERVACI\u00d3N DEL PATRIMONIO CULTURAL<\/span><\/a><\/p>\n","protected":false},"author":1,"featured_media":291,"comment_status":"closed","ping_status":"","sticky":false,"template":"","format":"image","meta":{"footnotes":""},"categories":[4,5,9],"tags":[],"class_list":["post-6281","post","type-post","status-publish","format-image","has-post-thumbnail","hentry","category-museo-primeros-pobladores","category-patrimonio-cultural","category-ultimas-noticias","post_format-post-format-image"],"_links":{"self":[{"href":"https:\/\/cultura.sma.gob.ar\/index.php?rest_route=\/wp\/v2\/posts\/6281","targetHints":{"allow":["GET"]}}],"collection":[{"href":"https:\/\/cultura.sma.gob.ar\/index.php?rest_route=\/wp\/v2\/posts"}],"about":[{"href":"https:\/\/cultura.sma.gob.ar\/index.php?rest_route=\/wp\/v2\/types\/post"}],"author":[{"embeddable":true,"href":"https:\/\/cultura.sma.gob.ar\/index.php?rest_route=\/wp\/v2\/users\/1"}],"replies":[{"embeddable":true,"href":"https:\/\/cultura.sma.gob.ar\/index.php?rest_route=%2Fwp%2Fv2%2Fcomments&post=6281"}],"version-history":[{"count":1,"href":"https:\/\/cultura.sma.gob.ar\/index.php?rest_route=\/wp\/v2\/posts\/6281\/revisions"}],"predecessor-version":[{"id":6283,"href":"https:\/\/cultura.sma.gob.ar\/index.php?rest_route=\/wp\/v2\/posts\/6281\/revisions\/6283"}],"wp:featuredmedia":[{"embeddable":true,"href":"https:\/\/cultura.sma.gob.ar\/index.php?rest_route=\/wp\/v2\/media\/291"}],"wp:attachment":[{"href":"https:\/\/cultura.sma.gob.ar\/index.php?rest_route=%2Fwp%2Fv2%2Fmedia&parent=6281"}],"wp:term":[{"taxonomy":"category","embeddable":true,"href":"https:\/\/cultura.sma.gob.ar\/index.php?rest_route=%2Fwp%2Fv2%2Fcategories&post=6281"},{"taxonomy":"post_tag","embeddable":true,"href":"https:\/\/cultura.sma.gob.ar\/index.php?rest_route=%2Fwp%2Fv2%2Ftags&post=6281"}],"curies":[{"name":"wp","href":"https:\/\/api.w.org\/{rel}","templated":true}]}}