{"id":6277,"date":"2025-01-03T11:33:08","date_gmt":"2025-01-03T14:33:08","guid":{"rendered":"http:\/\/cultura.sma.gob.ar\/?p=6277"},"modified":"2025-01-03T11:33:08","modified_gmt":"2025-01-03T14:33:08","slug":"inicia-calle-cultural-este-martes-7-con-duo-patagonia-en-el-molino","status":"publish","type":"post","link":"https:\/\/cultura.sma.gob.ar\/?p=6277","title":{"rendered":"Inicia Calle Cultural este martes 7 con D\u00fao Patagonia en El Molino"},"content":{"rendered":"\n<figure class=\"wp-block-image size-large\"><img loading=\"lazy\" decoding=\"async\" width=\"819\" height=\"1024\" src=\"https:\/\/cultura.sma.gob.ar\/wp-content\/uploads\/2025\/01\/SMA-TJ0019-Calle-Cultural-Duo-Patagonia_A-4x5-1-819x1024.jpg\" alt=\"\" class=\"wp-image-6278\" srcset=\"https:\/\/cultura.sma.gob.ar\/wp-content\/uploads\/2025\/01\/SMA-TJ0019-Calle-Cultural-Duo-Patagonia_A-4x5-1-819x1024.jpg 819w, https:\/\/cultura.sma.gob.ar\/wp-content\/uploads\/2025\/01\/SMA-TJ0019-Calle-Cultural-Duo-Patagonia_A-4x5-1-240x300.jpg 240w, https:\/\/cultura.sma.gob.ar\/wp-content\/uploads\/2025\/01\/SMA-TJ0019-Calle-Cultural-Duo-Patagonia_A-4x5-1-768x960.jpg 768w, https:\/\/cultura.sma.gob.ar\/wp-content\/uploads\/2025\/01\/SMA-TJ0019-Calle-Cultural-Duo-Patagonia_A-4x5-1-1229x1536.jpg 1229w, https:\/\/cultura.sma.gob.ar\/wp-content\/uploads\/2025\/01\/SMA-TJ0019-Calle-Cultural-Duo-Patagonia_A-4x5-1-1639x2048.jpg 1639w, https:\/\/cultura.sma.gob.ar\/wp-content\/uploads\/2025\/01\/SMA-TJ0019-Calle-Cultural-Duo-Patagonia_A-4x5-1-72x90.jpg 72w, https:\/\/cultura.sma.gob.ar\/wp-content\/uploads\/2025\/01\/SMA-TJ0019-Calle-Cultural-Duo-Patagonia_A-4x5-1-scaled.jpg 2048w\" sizes=\"auto, (max-width: 819px) 100vw, 819px\" \/><\/figure>\n\n\n\n<p>Entrada Libre y gratuita.<\/p>\n\n\n\n<p>Este programa consiste en ofrecer intervenciones de arte en el espacio p\u00fablico de los barrios, presentaciones musicales en vivo, teatrales, talleres, propuestas recreativas, conferencias, entre otras.\u00a0 <\/p>\n\n\n\n<p>Calle cultural es un programa cultural creado en el a\u00f1o 2021 y que este es su quinto a\u00f1o de realizaci\u00f3n. Las actividades a realizar son abiertas a la comunidad y p\u00fablico en general.<\/p>\n","protected":false},"excerpt":{"rendered":"<p>Entrada Libre y gratuita. Este programa consiste en ofrecer intervenciones de arte en el espacio p\u00fablico de los barrios, presentaciones musicales en vivo, teatrales, talleres, propuestas recreativas, conferencias, entre otras.\u00a0 Calle cultural es un programa cultural creado en el a\u00f1o 2021 y que este es su quinto a\u00f1o de realizaci\u00f3n. Las actividades a realizar son abiertas a la comunidad y p\u00fablico en general. <a href=\"https:\/\/cultura.sma.gob.ar\/?p=6277\" class=\"more-link\">Continue reading <span class=\"screen-reader-text\">Inicia Calle Cultural este martes 7 con D\u00fao Patagonia en El Molino<\/span><\/a><\/p>\n","protected":false},"author":1,"featured_media":292,"comment_status":"closed","ping_status":"","sticky":false,"template":"","format":"image","meta":{"footnotes":""},"categories":[8,9],"tags":[],"class_list":["post-6277","post","type-post","status-publish","format-image","has-post-thumbnail","hentry","category-teatro-san-jose","category-ultimas-noticias","post_format-post-format-image"],"_links":{"self":[{"href":"https:\/\/cultura.sma.gob.ar\/index.php?rest_route=\/wp\/v2\/posts\/6277","targetHints":{"allow":["GET"]}}],"collection":[{"href":"https:\/\/cultura.sma.gob.ar\/index.php?rest_route=\/wp\/v2\/posts"}],"about":[{"href":"https:\/\/cultura.sma.gob.ar\/index.php?rest_route=\/wp\/v2\/types\/post"}],"author":[{"embeddable":true,"href":"https:\/\/cultura.sma.gob.ar\/index.php?rest_route=\/wp\/v2\/users\/1"}],"replies":[{"embeddable":true,"href":"https:\/\/cultura.sma.gob.ar\/index.php?rest_route=%2Fwp%2Fv2%2Fcomments&post=6277"}],"version-history":[{"count":1,"href":"https:\/\/cultura.sma.gob.ar\/index.php?rest_route=\/wp\/v2\/posts\/6277\/revisions"}],"predecessor-version":[{"id":6279,"href":"https:\/\/cultura.sma.gob.ar\/index.php?rest_route=\/wp\/v2\/posts\/6277\/revisions\/6279"}],"wp:featuredmedia":[{"embeddable":true,"href":"https:\/\/cultura.sma.gob.ar\/index.php?rest_route=\/wp\/v2\/media\/292"}],"wp:attachment":[{"href":"https:\/\/cultura.sma.gob.ar\/index.php?rest_route=%2Fwp%2Fv2%2Fmedia&parent=6277"}],"wp:term":[{"taxonomy":"category","embeddable":true,"href":"https:\/\/cultura.sma.gob.ar\/index.php?rest_route=%2Fwp%2Fv2%2Fcategories&post=6277"},{"taxonomy":"post_tag","embeddable":true,"href":"https:\/\/cultura.sma.gob.ar\/index.php?rest_route=%2Fwp%2Fv2%2Ftags&post=6277"}],"curies":[{"name":"wp","href":"https:\/\/api.w.org\/{rel}","templated":true}]}}