{"id":6273,"date":"2024-12-20T11:48:43","date_gmt":"2024-12-20T14:48:43","guid":{"rendered":"http:\/\/cultura.sma.gob.ar\/?p=6273"},"modified":"2024-12-20T11:48:43","modified_gmt":"2024-12-20T14:48:43","slug":"calle-cultural-abre-su-convocatoria-para-este-verano-2025","status":"publish","type":"post","link":"https:\/\/cultura.sma.gob.ar\/?p=6273","title":{"rendered":"Calle Cultural abre su convocatoria para este verano 2025"},"content":{"rendered":"\n<figure class=\"wp-block-image size-large\"><img loading=\"lazy\" decoding=\"async\" width=\"1024\" height=\"1024\" src=\"https:\/\/cultura.sma.gob.ar\/wp-content\/uploads\/2024\/12\/calle-cultural23-04-1024x1024.jpg\" alt=\"\" class=\"wp-image-6274\" srcset=\"https:\/\/cultura.sma.gob.ar\/wp-content\/uploads\/2024\/12\/calle-cultural23-04-1024x1024.jpg 1024w, https:\/\/cultura.sma.gob.ar\/wp-content\/uploads\/2024\/12\/calle-cultural23-04-300x300.jpg 300w, https:\/\/cultura.sma.gob.ar\/wp-content\/uploads\/2024\/12\/calle-cultural23-04-150x150.jpg 150w, https:\/\/cultura.sma.gob.ar\/wp-content\/uploads\/2024\/12\/calle-cultural23-04-768x768.jpg 768w, https:\/\/cultura.sma.gob.ar\/wp-content\/uploads\/2024\/12\/calle-cultural23-04-90x90.jpg 90w, https:\/\/cultura.sma.gob.ar\/wp-content\/uploads\/2024\/12\/calle-cultural23-04.jpg 1250w\" sizes=\"auto, (max-width: 1024px) 100vw, 1024px\" \/><\/figure>\n\n\n\n<p>La Secretar\u00eda de Cultura invita a los\/as artistas de la localidad a presentar propuestas de arte callejero para el programa Calle Cultural 2025. <strong>Las propuestas podr\u00e1n ser presentadas del 23 al 27 de diciembre del 2024.<\/strong><\/p>\n\n\n\n<p>Calle Cultural es un programa que fomenta la realizaci\u00f3n de funciones en el espacio<br>p\u00fablico de los barrios. Pueden presentarse propuestas de m\u00fasica, danza, circo, t\u00edteres, teatro y otras disciplinas de arte callejero. Quienes resulten seleccionados recibir\u00e1n un incentivo econ\u00f3mico y tambi\u00e9n podr\u00e1n pasar la gorra.<\/p>\n\n\n\n<p><a href=\"http:\/\/cultura.sma.gob.ar\/2022\/04\/20\/continua-abierta-la-inscripcion-al-registro-municipal-de-trabajadores-y-trabajadoras-de-la-cultura\/?fbclid=PAY2xjawHRIpxleHRuA2FlbQIxMAABpssNpGn6pqUdNWfkp3sX1APnOnQMSUzizgh4RVHT4xLGoAg90Ve4GyHZJg_aem_yN-qTfDYykLXPGyfUmqBPw\">Es requisito para participar contar con monotributo propio y estar registrado en el<br>Registro Municipal de trabajadores\/as de la Cultura. Ord. 13037\/20.<\/a><\/p>\n\n\n\n<p>Quienes quieran participar deber\u00e1n completar el siguiente formulario online: https:\/\/docs.google.com\/forms\/d\/e\/1FAIpQLSfDeUJwfCnbXUVnJIi1j33NDvtT4xOKsYY4iGTtoScZePD4cQ\/viewform?usp=preview<\/p>\n\n\n\n<p><\/p>\n","protected":false},"excerpt":{"rendered":"<p>La Secretar\u00eda de Cultura invita a los\/as artistas de la localidad a presentar propuestas de arte callejero para el programa Calle Cultural 2025. Las propuestas podr\u00e1n ser presentadas del 23 al 27 de diciembre del 2024. Calle Cultural es un programa que fomenta la realizaci\u00f3n de funciones en el espaciop\u00fablico de los barrios. Pueden presentarse propuestas de m\u00fasica, danza, circo, t\u00edteres, teatro y otras disciplinas &hellip; <a href=\"https:\/\/cultura.sma.gob.ar\/?p=6273\" class=\"more-link\">Continue reading <span class=\"screen-reader-text\">Calle Cultural abre su convocatoria para este verano 2025<\/span><\/a><\/p>\n","protected":false},"author":1,"featured_media":292,"comment_status":"closed","ping_status":"","sticky":false,"template":"","format":"image","meta":{"footnotes":""},"categories":[8,9],"tags":[],"class_list":["post-6273","post","type-post","status-publish","format-image","has-post-thumbnail","hentry","category-teatro-san-jose","category-ultimas-noticias","post_format-post-format-image"],"_links":{"self":[{"href":"https:\/\/cultura.sma.gob.ar\/index.php?rest_route=\/wp\/v2\/posts\/6273","targetHints":{"allow":["GET"]}}],"collection":[{"href":"https:\/\/cultura.sma.gob.ar\/index.php?rest_route=\/wp\/v2\/posts"}],"about":[{"href":"https:\/\/cultura.sma.gob.ar\/index.php?rest_route=\/wp\/v2\/types\/post"}],"author":[{"embeddable":true,"href":"https:\/\/cultura.sma.gob.ar\/index.php?rest_route=\/wp\/v2\/users\/1"}],"replies":[{"embeddable":true,"href":"https:\/\/cultura.sma.gob.ar\/index.php?rest_route=%2Fwp%2Fv2%2Fcomments&post=6273"}],"version-history":[{"count":1,"href":"https:\/\/cultura.sma.gob.ar\/index.php?rest_route=\/wp\/v2\/posts\/6273\/revisions"}],"predecessor-version":[{"id":6275,"href":"https:\/\/cultura.sma.gob.ar\/index.php?rest_route=\/wp\/v2\/posts\/6273\/revisions\/6275"}],"wp:featuredmedia":[{"embeddable":true,"href":"https:\/\/cultura.sma.gob.ar\/index.php?rest_route=\/wp\/v2\/media\/292"}],"wp:attachment":[{"href":"https:\/\/cultura.sma.gob.ar\/index.php?rest_route=%2Fwp%2Fv2%2Fmedia&parent=6273"}],"wp:term":[{"taxonomy":"category","embeddable":true,"href":"https:\/\/cultura.sma.gob.ar\/index.php?rest_route=%2Fwp%2Fv2%2Fcategories&post=6273"},{"taxonomy":"post_tag","embeddable":true,"href":"https:\/\/cultura.sma.gob.ar\/index.php?rest_route=%2Fwp%2Fv2%2Ftags&post=6273"}],"curies":[{"name":"wp","href":"https:\/\/api.w.org\/{rel}","templated":true}]}}