{"id":6269,"date":"2024-12-19T10:09:11","date_gmt":"2024-12-19T13:09:11","guid":{"rendered":"http:\/\/cultura.sma.gob.ar\/?p=6269"},"modified":"2024-12-19T10:09:11","modified_gmt":"2024-12-19T13:09:11","slug":"la-navidad-cordillerana-se-celebra-este-sabado-21-en-la-plaza-san-martin","status":"publish","type":"post","link":"https:\/\/cultura.sma.gob.ar\/?p=6269","title":{"rendered":"La Navidad Cordillerana se celebra este s\u00e1bado 21 en la Plaza San Mart\u00edn"},"content":{"rendered":"\n<p>El pr\u00f3ximo 21 de diciembre, San Mart\u00edn de los Andes recibir\u00e1 a vecinos y turistas con la tradicional Navidad Cordillerana, un evento lleno de magia y esp\u00edritu festivo que fusiona las tradiciones navide\u00f1as con el inconfundible paisaje de monta\u00f1a.<\/p>\n\n\n\n<figure class=\"wp-block-image\"><img decoding=\"async\" src=\"https:\/\/i0.wp.com\/realidadsm.com\/wp-content\/uploads\/2024\/12\/image-92.png?resize=696%2C694&amp;ssl=1\" alt=\"\" class=\"wp-image-275498\"\/><\/figure>\n\n\n\n<p><strong>A partir de las 16:00 horas,<\/strong>&nbsp;la Plaza San Mart\u00edn se convertir\u00e1 en el epicentro de una jornada especial, con una gran variedad de actividades. Durante todo el d\u00eda, los visitantes podr\u00e1n presenciar&nbsp;<strong>shows en vivo, m\u00fasica, danza y un pesebre viviente<\/strong>. Las familias tambi\u00e9n podr\u00e1n disfrutar de actividades l\u00fadicas y recreativas, talleres de manualidades navide\u00f1as y una&nbsp;<strong>Feria de Productores locales<\/strong>&nbsp;que ofrecer\u00e1n productos t\u00edpicos de la regi\u00f3n.<\/p>\n\n\n\n<p>Uno de los momentos m\u00e1s esperados de la jornada ser\u00e1 la&nbsp;<strong>llegada de Pap\u00e1 Noel<\/strong>, quien aparecer\u00e1 en la Plaza San Mart\u00edn para saludar y sacarse fotos con grandes y chicos. Adem\u00e1s,&nbsp;<strong>habr\u00e1 un \u00e1rbol de Navidad gigante que encender\u00e1 sus luces a las 21:45 hs<\/strong>, dejando la plaza totalmente iluminada.<\/p>\n\n\n\n<p>El festejo tiene como objetivo promover el encuentro y el intercambio cultural en la regi\u00f3n, mientras se pone en valor las tradiciones locales y el esp\u00edritu comunitario. Adem\u00e1s, la Navidad Cordillerana se ha consolidado como una de las celebraciones m\u00e1s queridas por los habitantes de la ciudad, quienes se han convertido en protagonistas activos de la fiesta.<\/p>\n","protected":false},"excerpt":{"rendered":"<p>El pr\u00f3ximo 21 de diciembre, San Mart\u00edn de los Andes recibir\u00e1 a vecinos y turistas con la tradicional Navidad Cordillerana, un evento lleno de magia y esp\u00edritu festivo que fusiona las tradiciones navide\u00f1as con el inconfundible paisaje de monta\u00f1a. A partir de las 16:00 horas,&nbsp;la Plaza San Mart\u00edn se convertir\u00e1 en el epicentro de una jornada especial, con una gran variedad de actividades. Durante todo &hellip; <a href=\"https:\/\/cultura.sma.gob.ar\/?p=6269\" class=\"more-link\">Continue reading <span class=\"screen-reader-text\">La Navidad Cordillerana se celebra este s\u00e1bado 21 en la Plaza San Mart\u00edn<\/span><\/a><\/p>\n","protected":false},"author":1,"featured_media":297,"comment_status":"closed","ping_status":"","sticky":false,"template":"","format":"image","meta":{"footnotes":""},"categories":[2,9],"tags":[],"class_list":["post-6269","post","type-post","status-publish","format-image","has-post-thumbnail","hentry","category-ciudad-cultural","category-ultimas-noticias","post_format-post-format-image"],"_links":{"self":[{"href":"https:\/\/cultura.sma.gob.ar\/index.php?rest_route=\/wp\/v2\/posts\/6269","targetHints":{"allow":["GET"]}}],"collection":[{"href":"https:\/\/cultura.sma.gob.ar\/index.php?rest_route=\/wp\/v2\/posts"}],"about":[{"href":"https:\/\/cultura.sma.gob.ar\/index.php?rest_route=\/wp\/v2\/types\/post"}],"author":[{"embeddable":true,"href":"https:\/\/cultura.sma.gob.ar\/index.php?rest_route=\/wp\/v2\/users\/1"}],"replies":[{"embeddable":true,"href":"https:\/\/cultura.sma.gob.ar\/index.php?rest_route=%2Fwp%2Fv2%2Fcomments&post=6269"}],"version-history":[{"count":1,"href":"https:\/\/cultura.sma.gob.ar\/index.php?rest_route=\/wp\/v2\/posts\/6269\/revisions"}],"predecessor-version":[{"id":6270,"href":"https:\/\/cultura.sma.gob.ar\/index.php?rest_route=\/wp\/v2\/posts\/6269\/revisions\/6270"}],"wp:featuredmedia":[{"embeddable":true,"href":"https:\/\/cultura.sma.gob.ar\/index.php?rest_route=\/wp\/v2\/media\/297"}],"wp:attachment":[{"href":"https:\/\/cultura.sma.gob.ar\/index.php?rest_route=%2Fwp%2Fv2%2Fmedia&parent=6269"}],"wp:term":[{"taxonomy":"category","embeddable":true,"href":"https:\/\/cultura.sma.gob.ar\/index.php?rest_route=%2Fwp%2Fv2%2Fcategories&post=6269"},{"taxonomy":"post_tag","embeddable":true,"href":"https:\/\/cultura.sma.gob.ar\/index.php?rest_route=%2Fwp%2Fv2%2Ftags&post=6269"}],"curies":[{"name":"wp","href":"https:\/\/api.w.org\/{rel}","templated":true}]}}