{"id":6264,"date":"2024-12-19T10:04:45","date_gmt":"2024-12-19T13:04:45","guid":{"rendered":"http:\/\/cultura.sma.gob.ar\/?p=6264"},"modified":"2024-12-19T10:04:45","modified_gmt":"2024-12-19T13:04:45","slug":"las-5-vidas-que-vivimos-abre-la-cartelera-teatral-2025-de-cotesma","status":"publish","type":"post","link":"https:\/\/cultura.sma.gob.ar\/?p=6264","title":{"rendered":"&#8220;Las 5 vidas que vivimos&#8221; abre la cartelera teatral 2025 de Cotesma"},"content":{"rendered":"\n<figure class=\"wp-block-image size-large\"><img loading=\"lazy\" decoding=\"async\" width=\"555\" height=\"569\" src=\"https:\/\/cultura.sma.gob.ar\/wp-content\/uploads\/2024\/12\/Screenshot-2024-12-19-10.03.40-AM.png\" alt=\"\" class=\"wp-image-6265\" srcset=\"https:\/\/cultura.sma.gob.ar\/wp-content\/uploads\/2024\/12\/Screenshot-2024-12-19-10.03.40-AM.png 555w, https:\/\/cultura.sma.gob.ar\/wp-content\/uploads\/2024\/12\/Screenshot-2024-12-19-10.03.40-AM-293x300.png 293w, https:\/\/cultura.sma.gob.ar\/wp-content\/uploads\/2024\/12\/Screenshot-2024-12-19-10.03.40-AM-88x90.png 88w\" sizes=\"auto, (max-width: 555px) 100vw, 555px\" \/><\/figure>\n\n\n\n<p>El jueves 16 de enero de 2025, a las 22hs, volvemos a tener una noche especial en nuestra querida Sala Amankay, el Lic. Gabriel Carta\u00f1\u00e1, presenta \u201cLAS 5 VIDAS QUE VIVIMOS\u201d \u00bfAzar o decisi\u00f3n?&#8230;<br>\u00a0<br>\u00bfCu\u00e1ntas vidas viv\u00eds en una vida? \u00bfuna, irrepetible y \u00fanica? \u00bfdos, la que quer\u00e9s y la que pod\u00e9s?<br>\u00a0<br>El Lic. Gabriel Carta\u00f1\u00e1 nos invita a un recorrido por las 5 vidas que vivimos, a descubrir la importancia de cada una, a reparar y corregir, a entender la necesidad de vivirlas todas plenamente. &#8211;<br>Cada vida que vivimos tiene sus propias dificultades, desaf\u00edos y prop\u00f3sitos. Desconocerlos nos pone en el riesgo de caminar en c\u00edrculos sin llegar a ning\u00fan lugar.<\/p>\n\n\n\n<p>Porque tu hoy depende de lo que hiciste ayer, y tu ma\u00f1ana depende de lo que hagas hoy. \u2013<br>Obviamente siempre al \u201cEstilo Carta\u00f1\u00e1\u201d frontal, claro, con ejercicios, con tu participaci\u00f3n interactiva, con vos, con ustedes. &#8211;<br>\u201cLas 5 vidas que vivimos\u201d, Vos, \u00bfen qu\u00e9 vidas estas?<br>\u00a0<br>Entradas anticipadas, numeradas: $20.000.-<br>El mismo d\u00eda: $22.000.-<br>En venta en la boleteria del Centro Cultural, con d\u00e9bito, cr\u00e9dito o QR.<\/p>\n","protected":false},"excerpt":{"rendered":"<p>El jueves 16 de enero de 2025, a las 22hs, volvemos a tener una noche especial en nuestra querida Sala Amankay, el Lic. Gabriel Carta\u00f1\u00e1, presenta \u201cLAS 5 VIDAS QUE VIVIMOS\u201d \u00bfAzar o decisi\u00f3n?&#8230;\u00a0\u00bfCu\u00e1ntas vidas viv\u00eds en una vida? \u00bfuna, irrepetible y \u00fanica? \u00bfdos, la que quer\u00e9s y la que pod\u00e9s?\u00a0El Lic. Gabriel Carta\u00f1\u00e1 nos invita a un recorrido por las 5 vidas que vivimos, &hellip; <a href=\"https:\/\/cultura.sma.gob.ar\/?p=6264\" class=\"more-link\">Continue reading <span class=\"screen-reader-text\">&#8220;Las 5 vidas que vivimos&#8221; abre la cartelera teatral 2025 de Cotesma<\/span><\/a><\/p>\n","protected":false},"author":1,"featured_media":297,"comment_status":"closed","ping_status":"","sticky":false,"template":"","format":"image","meta":{"footnotes":""},"categories":[2,9],"tags":[],"class_list":["post-6264","post","type-post","status-publish","format-image","has-post-thumbnail","hentry","category-ciudad-cultural","category-ultimas-noticias","post_format-post-format-image"],"_links":{"self":[{"href":"https:\/\/cultura.sma.gob.ar\/index.php?rest_route=\/wp\/v2\/posts\/6264","targetHints":{"allow":["GET"]}}],"collection":[{"href":"https:\/\/cultura.sma.gob.ar\/index.php?rest_route=\/wp\/v2\/posts"}],"about":[{"href":"https:\/\/cultura.sma.gob.ar\/index.php?rest_route=\/wp\/v2\/types\/post"}],"author":[{"embeddable":true,"href":"https:\/\/cultura.sma.gob.ar\/index.php?rest_route=\/wp\/v2\/users\/1"}],"replies":[{"embeddable":true,"href":"https:\/\/cultura.sma.gob.ar\/index.php?rest_route=%2Fwp%2Fv2%2Fcomments&post=6264"}],"version-history":[{"count":1,"href":"https:\/\/cultura.sma.gob.ar\/index.php?rest_route=\/wp\/v2\/posts\/6264\/revisions"}],"predecessor-version":[{"id":6267,"href":"https:\/\/cultura.sma.gob.ar\/index.php?rest_route=\/wp\/v2\/posts\/6264\/revisions\/6267"}],"wp:featuredmedia":[{"embeddable":true,"href":"https:\/\/cultura.sma.gob.ar\/index.php?rest_route=\/wp\/v2\/media\/297"}],"wp:attachment":[{"href":"https:\/\/cultura.sma.gob.ar\/index.php?rest_route=%2Fwp%2Fv2%2Fmedia&parent=6264"}],"wp:term":[{"taxonomy":"category","embeddable":true,"href":"https:\/\/cultura.sma.gob.ar\/index.php?rest_route=%2Fwp%2Fv2%2Fcategories&post=6264"},{"taxonomy":"post_tag","embeddable":true,"href":"https:\/\/cultura.sma.gob.ar\/index.php?rest_route=%2Fwp%2Fv2%2Ftags&post=6264"}],"curies":[{"name":"wp","href":"https:\/\/api.w.org\/{rel}","templated":true}]}}