{"id":6258,"date":"2024-12-16T11:15:15","date_gmt":"2024-12-16T14:15:15","guid":{"rendered":"http:\/\/cultura.sma.gob.ar\/?p=6258"},"modified":"2024-12-16T11:15:15","modified_gmt":"2024-12-16T14:15:15","slug":"abre-la-convocatoria-para-participar-de-la-primera-noche-de-las-artes-2025","status":"publish","type":"post","link":"https:\/\/cultura.sma.gob.ar\/?p=6258","title":{"rendered":"Abre la convocatoria para participar de la primera Noche de las Artes 2025"},"content":{"rendered":"\n<figure class=\"wp-block-image size-large\"><img loading=\"lazy\" decoding=\"async\" width=\"492\" height=\"601\" src=\"http:\/\/cultura.sma.gob.ar\/wp-content\/uploads\/2024\/12\/Screenshot-2024-12-16-11.13.06-AM.png\" alt=\"\" class=\"wp-image-6259\" srcset=\"https:\/\/cultura.sma.gob.ar\/wp-content\/uploads\/2024\/12\/Screenshot-2024-12-16-11.13.06-AM.png 492w, https:\/\/cultura.sma.gob.ar\/wp-content\/uploads\/2024\/12\/Screenshot-2024-12-16-11.13.06-AM-246x300.png 246w, https:\/\/cultura.sma.gob.ar\/wp-content\/uploads\/2024\/12\/Screenshot-2024-12-16-11.13.06-AM-74x90.png 74w\" sizes=\"auto, (max-width: 492px) 100vw, 492px\" \/><\/figure>\n\n\n\n<p><strong>El s\u00e1bado 11 de enero se realizar\u00e1 la primera Noche de las Artes del 2025.<\/strong> Como siempre la Avenida San Mart\u00edn se convertir\u00e1 en una gran peatonal cultural, y ser\u00e1 una fiesta del arte callejero. Este es uno de los eventos m\u00e1s esperados por vecinas, vecinos y visitantes de la ciudad, en el que se conjugan propuestas para todos los gustos y edades.<\/p>\n\n\n\n<p><strong>\u00a1ATENCI\u00d3N ARTISTAS INTERESADOS EN PARTICIPAR!<\/strong>:<strong> las inscripciones se realizar\u00e1n en la Secretar\u00eda de Cultura (Cap. Drury 665), los d\u00edas h\u00e1biles, desde el lunes 16 de diciembre hasta el viernes 3 de enero de 9:00 a 13:00 hs y de 15:00 a 18:00.<\/strong><\/p>\n\n\n\n<p>La convocatoria est\u00e1 destinada a los siguientes rubros: artes pl\u00e1sticas, fotograf\u00eda, producciones audiovisuales, m\u00fasica, danzas, teatro, circo, t\u00edteres, bibliotecas, librer\u00edas y editoriales. Se establece un cupo m\u00e1ximo de 70 \u201cpresentaciones esc\u00e9nicas\u201d, para las cuales se respetar\u00e1 el orden de inscripci\u00f3n. Los que se inscriban posteriormente quedar\u00e1n en lista de espera.<\/p>\n\n\n\n<p><strong>Importante<\/strong>: los grupos que hagan \u201cpresentaciones esc\u00e9nicas\u201d y deseen actuar en un mismo espacio f\u00edsico, uno a continuaci\u00f3n de otro (porque comparten sonido o por cualquier otra raz\u00f3n), deber\u00e1n presentarse juntos al momento de hacer la inscripci\u00f3n. Para la modalidad \u201cen continuado\u201d se aceptar\u00e1n un m\u00e1ximo de 3 presentaciones esc\u00e9nicas. Para los \u201cexpositores\u201d (artes visuales y literatura) no habr\u00e1 l\u00edmite de participaci\u00f3n.<\/p>\n\n\n\n<p>Para m\u00e1s informaci\u00f3n comunicarse al (02972) 427-315 int. 361\/364, de<br>lunes a viernes de 9 a 15hs.<\/p>\n","protected":false},"excerpt":{"rendered":"<p>El s\u00e1bado 11 de enero se realizar\u00e1 la primera Noche de las Artes del 2025. Como siempre la Avenida San Mart\u00edn se convertir\u00e1 en una gran peatonal cultural, y ser\u00e1 una fiesta del arte callejero. Este es uno de los eventos m\u00e1s esperados por vecinas, vecinos y visitantes de la ciudad, en el que se conjugan propuestas para todos los gustos y edades. \u00a1ATENCI\u00d3N ARTISTAS &hellip; <a href=\"https:\/\/cultura.sma.gob.ar\/?p=6258\" class=\"more-link\">Continue reading <span class=\"screen-reader-text\">Abre la convocatoria para participar de la primera Noche de las Artes 2025<\/span><\/a><\/p>\n","protected":false},"author":1,"featured_media":296,"comment_status":"closed","ping_status":"","sticky":false,"template":"","format":"image","meta":{"footnotes":""},"categories":[3,9],"tags":[],"class_list":["post-6258","post","type-post","status-publish","format-image","has-post-thumbnail","hentry","category-eventos-cultura","category-ultimas-noticias","post_format-post-format-image"],"_links":{"self":[{"href":"https:\/\/cultura.sma.gob.ar\/index.php?rest_route=\/wp\/v2\/posts\/6258","targetHints":{"allow":["GET"]}}],"collection":[{"href":"https:\/\/cultura.sma.gob.ar\/index.php?rest_route=\/wp\/v2\/posts"}],"about":[{"href":"https:\/\/cultura.sma.gob.ar\/index.php?rest_route=\/wp\/v2\/types\/post"}],"author":[{"embeddable":true,"href":"https:\/\/cultura.sma.gob.ar\/index.php?rest_route=\/wp\/v2\/users\/1"}],"replies":[{"embeddable":true,"href":"https:\/\/cultura.sma.gob.ar\/index.php?rest_route=%2Fwp%2Fv2%2Fcomments&post=6258"}],"version-history":[{"count":1,"href":"https:\/\/cultura.sma.gob.ar\/index.php?rest_route=\/wp\/v2\/posts\/6258\/revisions"}],"predecessor-version":[{"id":6260,"href":"https:\/\/cultura.sma.gob.ar\/index.php?rest_route=\/wp\/v2\/posts\/6258\/revisions\/6260"}],"wp:featuredmedia":[{"embeddable":true,"href":"https:\/\/cultura.sma.gob.ar\/index.php?rest_route=\/wp\/v2\/media\/296"}],"wp:attachment":[{"href":"https:\/\/cultura.sma.gob.ar\/index.php?rest_route=%2Fwp%2Fv2%2Fmedia&parent=6258"}],"wp:term":[{"taxonomy":"category","embeddable":true,"href":"https:\/\/cultura.sma.gob.ar\/index.php?rest_route=%2Fwp%2Fv2%2Fcategories&post=6258"},{"taxonomy":"post_tag","embeddable":true,"href":"https:\/\/cultura.sma.gob.ar\/index.php?rest_route=%2Fwp%2Fv2%2Ftags&post=6258"}],"curies":[{"name":"wp","href":"https:\/\/api.w.org\/{rel}","templated":true}]}}