{"id":6254,"date":"2024-12-16T11:01:01","date_gmt":"2024-12-16T14:01:01","guid":{"rendered":"http:\/\/cultura.sma.gob.ar\/?p=6254"},"modified":"2024-12-16T11:01:01","modified_gmt":"2024-12-16T14:01:01","slug":"inaugura-mostranos-tu-barrio-en-la-sala-chapitel","status":"publish","type":"post","link":"https:\/\/cultura.sma.gob.ar\/?p=6254","title":{"rendered":"Inaugura &#8220;Mostranos tu barrio&#8221; en la sala Chapitel"},"content":{"rendered":"\n<figure class=\"wp-block-image size-large\"><img loading=\"lazy\" decoding=\"async\" width=\"502\" height=\"613\" src=\"http:\/\/cultura.sma.gob.ar\/wp-content\/uploads\/2024\/12\/Screenshot-2024-12-16-10.40.30-AM.png\" alt=\"\" class=\"wp-image-6255\" srcset=\"https:\/\/cultura.sma.gob.ar\/wp-content\/uploads\/2024\/12\/Screenshot-2024-12-16-10.40.30-AM.png 502w, https:\/\/cultura.sma.gob.ar\/wp-content\/uploads\/2024\/12\/Screenshot-2024-12-16-10.40.30-AM-246x300.png 246w, https:\/\/cultura.sma.gob.ar\/wp-content\/uploads\/2024\/12\/Screenshot-2024-12-16-10.40.30-AM-74x90.png 74w\" sizes=\"auto, (max-width: 502px) 100vw, 502px\" \/><\/figure>\n\n\n\n<p>Este viernes 20, a las 20hs, en la sala Lidaura Chapitel, inaugura la expo fotogr\u00e1fica &#8220;Mostranos tu barrio&#8221;, con los trabajos resultantes del concurso que ya va por su tercera edici\u00f3n. La entrada es libre y gratuita.<\/p>\n\n\n\n<p>Con el objetivo de visibilizar los barrios y sus distintas realidades sociales, la Biblioteca Popular 9 de Julio organiz\u00f3 el concurso de fotograf\u00eda \u201cMostranos tu barrio\u201d, 3\u00b0 edici\u00f3n. Las fotos que se ver\u00e1n en esta muestra fueron tomadas por vecinos y vecinas que, con sus celulares, c\u00e1maras y tablets, salieron a sus barrios para registrar lo que a cada uno le resulta significativo e identitario del lugar donde viven.<\/p>\n\n\n\n<p>El concurso se realiz\u00f3 durante los meses de octubre y noviembre de 2024. Participaron 173 vecinos y vecinas y se recibieron 387 fotograf\u00edas. Con esta tercera edici\u00f3n se sumaron m\u00e1s de cuatrocientos los vecinos que participaron de <em>Mostranos tu barrio<\/em> y m\u00e1s de 600 las fotos del pueblo que fueron enviadas. Esto es muestra del compromiso ciudadano y del valor de la identidad que tenemos los vecinos y vecinas de San Mart\u00edn de los Andes.<\/p>\n\n\n\n<p>El jurado, compuesto por los fot\u00f3grafos Olivia Gentili Gipler, Pablo Camperi y Federico Soto, seleccion\u00f3 las 50 fotos que hoy componen la exposici\u00f3n. El proyecto cont\u00f3 con el apoyo de la Secretar\u00eda de Cultura, el Centro Cultural Cotesma, Punto Digital, la Junta Vecinal de Ruca Hue, la Casita Crecer del Barrios Buenos Aires Chico, la Subsecretar\u00eda de Juntas Vecinales y de referentes barriales que ayudaron a difundir el proyecto acercandolo a m\u00e1s vecinos y vecinas.<\/p>\n","protected":false},"excerpt":{"rendered":"<p>Este viernes 20, a las 20hs, en la sala Lidaura Chapitel, inaugura la expo fotogr\u00e1fica &#8220;Mostranos tu barrio&#8221;, con los trabajos resultantes del concurso que ya va por su tercera edici\u00f3n. La entrada es libre y gratuita. Con el objetivo de visibilizar los barrios y sus distintas realidades sociales, la Biblioteca Popular 9 de Julio organiz\u00f3 el concurso de fotograf\u00eda \u201cMostranos tu barrio\u201d, 3\u00b0 edici\u00f3n. &hellip; <a href=\"https:\/\/cultura.sma.gob.ar\/?p=6254\" class=\"more-link\">Continue reading <span class=\"screen-reader-text\">Inaugura &#8220;Mostranos tu barrio&#8221; en la sala Chapitel<\/span><\/a><\/p>\n","protected":false},"author":1,"featured_media":295,"comment_status":"closed","ping_status":"","sticky":false,"template":"","format":"image","meta":{"footnotes":""},"categories":[6,9],"tags":[],"class_list":["post-6254","post","type-post","status-publish","format-image","has-post-thumbnail","hentry","category-sala-lidaura-chapitel","category-ultimas-noticias","post_format-post-format-image"],"_links":{"self":[{"href":"https:\/\/cultura.sma.gob.ar\/index.php?rest_route=\/wp\/v2\/posts\/6254","targetHints":{"allow":["GET"]}}],"collection":[{"href":"https:\/\/cultura.sma.gob.ar\/index.php?rest_route=\/wp\/v2\/posts"}],"about":[{"href":"https:\/\/cultura.sma.gob.ar\/index.php?rest_route=\/wp\/v2\/types\/post"}],"author":[{"embeddable":true,"href":"https:\/\/cultura.sma.gob.ar\/index.php?rest_route=\/wp\/v2\/users\/1"}],"replies":[{"embeddable":true,"href":"https:\/\/cultura.sma.gob.ar\/index.php?rest_route=%2Fwp%2Fv2%2Fcomments&post=6254"}],"version-history":[{"count":1,"href":"https:\/\/cultura.sma.gob.ar\/index.php?rest_route=\/wp\/v2\/posts\/6254\/revisions"}],"predecessor-version":[{"id":6256,"href":"https:\/\/cultura.sma.gob.ar\/index.php?rest_route=\/wp\/v2\/posts\/6254\/revisions\/6256"}],"wp:featuredmedia":[{"embeddable":true,"href":"https:\/\/cultura.sma.gob.ar\/index.php?rest_route=\/wp\/v2\/media\/295"}],"wp:attachment":[{"href":"https:\/\/cultura.sma.gob.ar\/index.php?rest_route=%2Fwp%2Fv2%2Fmedia&parent=6254"}],"wp:term":[{"taxonomy":"category","embeddable":true,"href":"https:\/\/cultura.sma.gob.ar\/index.php?rest_route=%2Fwp%2Fv2%2Fcategories&post=6254"},{"taxonomy":"post_tag","embeddable":true,"href":"https:\/\/cultura.sma.gob.ar\/index.php?rest_route=%2Fwp%2Fv2%2Ftags&post=6254"}],"curies":[{"name":"wp","href":"https:\/\/api.w.org\/{rel}","templated":true}]}}