{"id":6245,"date":"2024-12-13T11:52:04","date_gmt":"2024-12-13T14:52:04","guid":{"rendered":"http:\/\/cultura.sma.gob.ar\/?p=6245"},"modified":"2024-12-13T11:52:04","modified_gmt":"2024-12-13T14:52:04","slug":"41-edicion-del-trabun-conoce-la-programacion-completa","status":"publish","type":"post","link":"https:\/\/cultura.sma.gob.ar\/?p=6245","title":{"rendered":"41\u00b0 Edici\u00f3n del Trabun: conoc\u00e9 la programaci\u00f3n completa"},"content":{"rendered":"\n<p>Desde este viernes 13 hasta el domingo 15 se estar\u00e1 desarrollando el tradicional Trabun en la plaza San Mart\u00edn. Todos los d\u00edas, desde las 18hs, se podr\u00e1 disfrutar de espect\u00e1culos musicales y propuestas gastron\u00f3micas.<\/p>\n\n\n\n<p>Adem\u00e1s, el s\u00e1bado desde las 14hs tendr\u00e1 lugar el Pichi Trabun.<\/p>\n\n\n\n<p>Entrada libre y gratuita.<\/p>\n\n\n\n<figure class=\"wp-block-image size-large\"><img loading=\"lazy\" decoding=\"async\" width=\"1024\" height=\"1024\" src=\"https:\/\/cultura.sma.gob.ar\/wp-content\/uploads\/2024\/12\/WhatsApp-Image-2024-12-12-at-3.03.45-PM-1024x1024.jpeg\" alt=\"\" class=\"wp-image-6246\" srcset=\"https:\/\/cultura.sma.gob.ar\/wp-content\/uploads\/2024\/12\/WhatsApp-Image-2024-12-12-at-3.03.45-PM-1024x1024.jpeg 1024w, https:\/\/cultura.sma.gob.ar\/wp-content\/uploads\/2024\/12\/WhatsApp-Image-2024-12-12-at-3.03.45-PM-300x300.jpeg 300w, https:\/\/cultura.sma.gob.ar\/wp-content\/uploads\/2024\/12\/WhatsApp-Image-2024-12-12-at-3.03.45-PM-150x150.jpeg 150w, https:\/\/cultura.sma.gob.ar\/wp-content\/uploads\/2024\/12\/WhatsApp-Image-2024-12-12-at-3.03.45-PM-768x768.jpeg 768w, https:\/\/cultura.sma.gob.ar\/wp-content\/uploads\/2024\/12\/WhatsApp-Image-2024-12-12-at-3.03.45-PM-90x90.jpeg 90w, https:\/\/cultura.sma.gob.ar\/wp-content\/uploads\/2024\/12\/WhatsApp-Image-2024-12-12-at-3.03.45-PM.jpeg 1536w\" sizes=\"auto, (max-width: 1024px) 100vw, 1024px\" \/><\/figure>\n\n\n\n<figure class=\"wp-block-image size-large\"><img loading=\"lazy\" decoding=\"async\" width=\"1024\" height=\"1024\" src=\"https:\/\/cultura.sma.gob.ar\/wp-content\/uploads\/2024\/12\/WhatsApp-Image-2024-12-12-at-3.03.46-PM-1-1024x1024.jpeg\" alt=\"\" class=\"wp-image-6247\" srcset=\"https:\/\/cultura.sma.gob.ar\/wp-content\/uploads\/2024\/12\/WhatsApp-Image-2024-12-12-at-3.03.46-PM-1-1024x1024.jpeg 1024w, https:\/\/cultura.sma.gob.ar\/wp-content\/uploads\/2024\/12\/WhatsApp-Image-2024-12-12-at-3.03.46-PM-1-300x300.jpeg 300w, https:\/\/cultura.sma.gob.ar\/wp-content\/uploads\/2024\/12\/WhatsApp-Image-2024-12-12-at-3.03.46-PM-1-150x150.jpeg 150w, https:\/\/cultura.sma.gob.ar\/wp-content\/uploads\/2024\/12\/WhatsApp-Image-2024-12-12-at-3.03.46-PM-1-768x768.jpeg 768w, https:\/\/cultura.sma.gob.ar\/wp-content\/uploads\/2024\/12\/WhatsApp-Image-2024-12-12-at-3.03.46-PM-1-90x90.jpeg 90w, https:\/\/cultura.sma.gob.ar\/wp-content\/uploads\/2024\/12\/WhatsApp-Image-2024-12-12-at-3.03.46-PM-1.jpeg 1536w\" sizes=\"auto, (max-width: 1024px) 100vw, 1024px\" \/><\/figure>\n\n\n\n<figure class=\"wp-block-image size-large\"><img loading=\"lazy\" decoding=\"async\" width=\"1024\" height=\"1024\" src=\"https:\/\/cultura.sma.gob.ar\/wp-content\/uploads\/2024\/12\/WhatsApp-Image-2024-12-12-at-3.03.45-PM-1-1024x1024.jpeg\" alt=\"\" class=\"wp-image-6248\" srcset=\"https:\/\/cultura.sma.gob.ar\/wp-content\/uploads\/2024\/12\/WhatsApp-Image-2024-12-12-at-3.03.45-PM-1-1024x1024.jpeg 1024w, https:\/\/cultura.sma.gob.ar\/wp-content\/uploads\/2024\/12\/WhatsApp-Image-2024-12-12-at-3.03.45-PM-1-300x300.jpeg 300w, https:\/\/cultura.sma.gob.ar\/wp-content\/uploads\/2024\/12\/WhatsApp-Image-2024-12-12-at-3.03.45-PM-1-150x150.jpeg 150w, https:\/\/cultura.sma.gob.ar\/wp-content\/uploads\/2024\/12\/WhatsApp-Image-2024-12-12-at-3.03.45-PM-1-768x768.jpeg 768w, https:\/\/cultura.sma.gob.ar\/wp-content\/uploads\/2024\/12\/WhatsApp-Image-2024-12-12-at-3.03.45-PM-1-90x90.jpeg 90w, https:\/\/cultura.sma.gob.ar\/wp-content\/uploads\/2024\/12\/WhatsApp-Image-2024-12-12-at-3.03.45-PM-1.jpeg 1536w\" sizes=\"auto, (max-width: 1024px) 100vw, 1024px\" \/><\/figure>\n\n\n\n<figure class=\"wp-block-image size-large\"><img loading=\"lazy\" decoding=\"async\" width=\"1024\" height=\"1024\" src=\"http:\/\/cultura.sma.gob.ar\/wp-content\/uploads\/2024\/12\/WhatsApp-Image-2024-12-12-at-3.03.46-PM-1024x1024.jpeg\" alt=\"\" class=\"wp-image-6249\" srcset=\"https:\/\/cultura.sma.gob.ar\/wp-content\/uploads\/2024\/12\/WhatsApp-Image-2024-12-12-at-3.03.46-PM-1024x1024.jpeg 1024w, https:\/\/cultura.sma.gob.ar\/wp-content\/uploads\/2024\/12\/WhatsApp-Image-2024-12-12-at-3.03.46-PM-300x300.jpeg 300w, https:\/\/cultura.sma.gob.ar\/wp-content\/uploads\/2024\/12\/WhatsApp-Image-2024-12-12-at-3.03.46-PM-150x150.jpeg 150w, https:\/\/cultura.sma.gob.ar\/wp-content\/uploads\/2024\/12\/WhatsApp-Image-2024-12-12-at-3.03.46-PM-768x768.jpeg 768w, https:\/\/cultura.sma.gob.ar\/wp-content\/uploads\/2024\/12\/WhatsApp-Image-2024-12-12-at-3.03.46-PM-90x90.jpeg 90w, https:\/\/cultura.sma.gob.ar\/wp-content\/uploads\/2024\/12\/WhatsApp-Image-2024-12-12-at-3.03.46-PM.jpeg 1536w\" sizes=\"auto, (max-width: 1024px) 100vw, 1024px\" \/><\/figure>\n","protected":false},"excerpt":{"rendered":"<p>Desde este viernes 13 hasta el domingo 15 se estar\u00e1 desarrollando el tradicional Trabun en la plaza San Mart\u00edn. Todos los d\u00edas, desde las 18hs, se podr\u00e1 disfrutar de espect\u00e1culos musicales y propuestas gastron\u00f3micas. Adem\u00e1s, el s\u00e1bado desde las 14hs tendr\u00e1 lugar el Pichi Trabun. Entrada libre y gratuita. <a href=\"https:\/\/cultura.sma.gob.ar\/?p=6245\" class=\"more-link\">Continue reading <span class=\"screen-reader-text\">41\u00b0 Edici\u00f3n del Trabun: conoc\u00e9 la programaci\u00f3n completa<\/span><\/a><\/p>\n","protected":false},"author":1,"featured_media":297,"comment_status":"closed","ping_status":"","sticky":false,"template":"","format":"image","meta":{"footnotes":""},"categories":[2,3],"tags":[],"class_list":["post-6245","post","type-post","status-publish","format-image","has-post-thumbnail","hentry","category-ciudad-cultural","category-eventos-cultura","post_format-post-format-image"],"_links":{"self":[{"href":"https:\/\/cultura.sma.gob.ar\/index.php?rest_route=\/wp\/v2\/posts\/6245","targetHints":{"allow":["GET"]}}],"collection":[{"href":"https:\/\/cultura.sma.gob.ar\/index.php?rest_route=\/wp\/v2\/posts"}],"about":[{"href":"https:\/\/cultura.sma.gob.ar\/index.php?rest_route=\/wp\/v2\/types\/post"}],"author":[{"embeddable":true,"href":"https:\/\/cultura.sma.gob.ar\/index.php?rest_route=\/wp\/v2\/users\/1"}],"replies":[{"embeddable":true,"href":"https:\/\/cultura.sma.gob.ar\/index.php?rest_route=%2Fwp%2Fv2%2Fcomments&post=6245"}],"version-history":[{"count":1,"href":"https:\/\/cultura.sma.gob.ar\/index.php?rest_route=\/wp\/v2\/posts\/6245\/revisions"}],"predecessor-version":[{"id":6250,"href":"https:\/\/cultura.sma.gob.ar\/index.php?rest_route=\/wp\/v2\/posts\/6245\/revisions\/6250"}],"wp:featuredmedia":[{"embeddable":true,"href":"https:\/\/cultura.sma.gob.ar\/index.php?rest_route=\/wp\/v2\/media\/297"}],"wp:attachment":[{"href":"https:\/\/cultura.sma.gob.ar\/index.php?rest_route=%2Fwp%2Fv2%2Fmedia&parent=6245"}],"wp:term":[{"taxonomy":"category","embeddable":true,"href":"https:\/\/cultura.sma.gob.ar\/index.php?rest_route=%2Fwp%2Fv2%2Fcategories&post=6245"},{"taxonomy":"post_tag","embeddable":true,"href":"https:\/\/cultura.sma.gob.ar\/index.php?rest_route=%2Fwp%2Fv2%2Ftags&post=6245"}],"curies":[{"name":"wp","href":"https:\/\/api.w.org\/{rel}","templated":true}]}}