{"id":6233,"date":"2024-12-04T15:13:57","date_gmt":"2024-12-04T18:13:57","guid":{"rendered":"http:\/\/cultura.sma.gob.ar\/?p=6233"},"modified":"2024-12-04T15:13:57","modified_gmt":"2024-12-04T18:13:57","slug":"proyectan-el-documental-42-reinicio-con-presencia-del-director","status":"publish","type":"post","link":"https:\/\/cultura.sma.gob.ar\/?p=6233","title":{"rendered":"Proyectan el documental &#8220;42 Reinicio&#8221; con presencia del director"},"content":{"rendered":"\n<p>Este mi\u00e9rcoles 4 de diciembre a las 20:15hs, se proyectar\u00e1 el documental &#8220;42 reinicio&#8221; en el Centro Cultural Cotesma, seguido de un conversatorio con el director del film, Sebasti\u00e1n Zanni. <\/p>\n\n\n\n<figure class=\"wp-block-image size-large\"><img loading=\"lazy\" decoding=\"async\" width=\"724\" height=\"1024\" src=\"https:\/\/cultura.sma.gob.ar\/wp-content\/uploads\/2024\/12\/WhatsApp-Image-2024-12-04-at-12.50.44-PM-1-724x1024.jpeg\" alt=\"\" class=\"wp-image-6234\" srcset=\"https:\/\/cultura.sma.gob.ar\/wp-content\/uploads\/2024\/12\/WhatsApp-Image-2024-12-04-at-12.50.44-PM-1-724x1024.jpeg 724w, https:\/\/cultura.sma.gob.ar\/wp-content\/uploads\/2024\/12\/WhatsApp-Image-2024-12-04-at-12.50.44-PM-1-212x300.jpeg 212w, https:\/\/cultura.sma.gob.ar\/wp-content\/uploads\/2024\/12\/WhatsApp-Image-2024-12-04-at-12.50.44-PM-1-768x1086.jpeg 768w, https:\/\/cultura.sma.gob.ar\/wp-content\/uploads\/2024\/12\/WhatsApp-Image-2024-12-04-at-12.50.44-PM-1-1086x1536.jpeg 1086w, https:\/\/cultura.sma.gob.ar\/wp-content\/uploads\/2024\/12\/WhatsApp-Image-2024-12-04-at-12.50.44-PM-1-64x90.jpeg 64w, https:\/\/cultura.sma.gob.ar\/wp-content\/uploads\/2024\/12\/WhatsApp-Image-2024-12-04-at-12.50.44-PM-1.jpeg 1131w\" sizes=\"auto, (max-width: 724px) 100vw, 724px\" \/><\/figure>\n\n\n\n<p>Sebasti\u00e1n cumple 42 a\u00f1os. La disconformidad de su presente lo impulsa a emprender un viaje de autoconocimiento, desencadenando una serie de<br>cambios radicales que lo motivan a cumplir una simb\u00f3lica meta: correr por<br>primera vez una marat\u00f3n de 42km.<\/p>\n\n\n\n<p>42 Reinicio es el primer largometraje de Sebasti\u00e1n Zanni, quien tambi\u00e9n<br>protagoniza este documental filmado en diferentes ciudades y competencias<br>deportivas del pa\u00eds y el continente, siguiendo el recorrido de un viaje interior<br>y exterior que lo acercar\u00e1 a su meta.<\/p>\n\n\n\n<figure class=\"wp-block-embed-youtube wp-block-embed is-type-video is-provider-youtube wp-embed-aspect-16-9 wp-has-aspect-ratio\"><div class=\"wp-block-embed__wrapper\">\n<iframe loading=\"lazy\" title=\"42 REINICIO - Trailer Oficial\/Direcci\u00f3n Sebasti\u00e1n Zanni\" width=\"720\" height=\"405\" src=\"https:\/\/www.youtube.com\/embed\/C6JyAkqVBfQ?feature=oembed\" frameborder=\"0\" allow=\"accelerometer; autoplay; clipboard-write; encrypted-media; gyroscope; picture-in-picture; web-share\" referrerpolicy=\"strict-origin-when-cross-origin\" allowfullscreen><\/iframe>\n<\/div><\/figure>\n\n\n\n<p>&#8220;42 Reinicio es mi \u00f3pera prima. La llegada de mi cumplea\u00f1os n\u00famero 42<br>desencadena una profunda reflexi\u00f3n, lo que com\u00fanmente se conoce como la<br>crisis de la mediana edad. Decido filmar este documental en primera persona para reflexionar sobre distintos cuestionamientos de mi vida. Siento la necesidad de un cambio radical, de salir de la rutina y encontrar un nuevo prop\u00f3sito que dependa \u00fanicamente de mi voluntad. Todo ese movimiento desemboca en la palabra &#8220;correr&#8221;, y la marat\u00f3n se convierte en la m\u00e1xima expresi\u00f3n de ese concepto&#8221;.<\/p>\n\n\n\n<p>&#8220;Empiezo a investigar sobre el mundo del running y me uno a un grupo de<br>corredores. Sin embargo, la pandemia transforma lo que originalmente iba a<br>ser una pel\u00edcula con una estructura netamente deportiva en un viaje de tres<br>a\u00f1os de exploraci\u00f3n personal. Renuncio a mi trabajo despu\u00e9s de 18 a\u00f1os y gasto mis ahorros en la compra de un auto para participar en distintas carreras y redescubrir mi pa\u00eds. En paralelo, comienzo una b\u00fasqueda espiritual. Participo en retiros, practico<br>yoga, realizo mi carta astral y los registros ak\u00e1shicos. Todas estas<br>experiencias forman parte de un proceso de reconstrucci\u00f3n personal y de<br>reconexi\u00f3n con el mundo exterior.&#8221;<\/p>\n\n\n\n<p>&#8220;Esta pel\u00edcula es un testimonio de c\u00f3mo una crisis puede convertirse en una<br>oportunidad. Correr una marat\u00f3n me ha ayudado a canalizar mis emociones,<br>pero mi verdadera motivaci\u00f3n ha sido reencontrarme conmigo mismo y<br>alcanzar un equilibrio entre mi cuerpo, mi mente y mi alma. Mi intenci\u00f3n<br>nunca fue ser un ejemplo para nadie; simplemente quise demostrar que<br>todos podemos reinventarnos y transformarnos, sobre todo en los<br>momentos m\u00e1s oscuros. El motor de todas estas acciones ha sido mi pasi\u00f3n por el cine, asumir el rol de director para plasmar el deseo de contar una historia a trav\u00e9s de im\u00e1genes. Y en este caso particular, siendo el protagonista de la cl\u00e1sica<br>estructura narrativa del camino del h\u00e9roe&#8221;.<\/p>\n","protected":false},"excerpt":{"rendered":"<p>Este mi\u00e9rcoles 4 de diciembre a las 20:15hs, se proyectar\u00e1 el documental &#8220;42 reinicio&#8221; en el Centro Cultural Cotesma, seguido de un conversatorio con el director del film, Sebasti\u00e1n Zanni. Sebasti\u00e1n cumple 42 a\u00f1os. La disconformidad de su presente lo impulsa a emprender un viaje de autoconocimiento, desencadenando una serie decambios radicales que lo motivan a cumplir una simb\u00f3lica meta: correr porprimera vez una marat\u00f3n &hellip; <a href=\"https:\/\/cultura.sma.gob.ar\/?p=6233\" class=\"more-link\">Continue reading <span class=\"screen-reader-text\">Proyectan el documental &#8220;42 Reinicio&#8221; con presencia del director<\/span><\/a><\/p>\n","protected":false},"author":1,"featured_media":297,"comment_status":"closed","ping_status":"","sticky":false,"template":"","format":"image","meta":{"footnotes":""},"categories":[2],"tags":[],"class_list":["post-6233","post","type-post","status-publish","format-image","has-post-thumbnail","hentry","category-ciudad-cultural","post_format-post-format-image"],"_links":{"self":[{"href":"https:\/\/cultura.sma.gob.ar\/index.php?rest_route=\/wp\/v2\/posts\/6233","targetHints":{"allow":["GET"]}}],"collection":[{"href":"https:\/\/cultura.sma.gob.ar\/index.php?rest_route=\/wp\/v2\/posts"}],"about":[{"href":"https:\/\/cultura.sma.gob.ar\/index.php?rest_route=\/wp\/v2\/types\/post"}],"author":[{"embeddable":true,"href":"https:\/\/cultura.sma.gob.ar\/index.php?rest_route=\/wp\/v2\/users\/1"}],"replies":[{"embeddable":true,"href":"https:\/\/cultura.sma.gob.ar\/index.php?rest_route=%2Fwp%2Fv2%2Fcomments&post=6233"}],"version-history":[{"count":1,"href":"https:\/\/cultura.sma.gob.ar\/index.php?rest_route=\/wp\/v2\/posts\/6233\/revisions"}],"predecessor-version":[{"id":6235,"href":"https:\/\/cultura.sma.gob.ar\/index.php?rest_route=\/wp\/v2\/posts\/6233\/revisions\/6235"}],"wp:featuredmedia":[{"embeddable":true,"href":"https:\/\/cultura.sma.gob.ar\/index.php?rest_route=\/wp\/v2\/media\/297"}],"wp:attachment":[{"href":"https:\/\/cultura.sma.gob.ar\/index.php?rest_route=%2Fwp%2Fv2%2Fmedia&parent=6233"}],"wp:term":[{"taxonomy":"category","embeddable":true,"href":"https:\/\/cultura.sma.gob.ar\/index.php?rest_route=%2Fwp%2Fv2%2Fcategories&post=6233"},{"taxonomy":"post_tag","embeddable":true,"href":"https:\/\/cultura.sma.gob.ar\/index.php?rest_route=%2Fwp%2Fv2%2Ftags&post=6233"}],"curies":[{"name":"wp","href":"https:\/\/api.w.org\/{rel}","templated":true}]}}