{"id":623,"date":"2020-11-05T00:48:59","date_gmt":"2020-11-05T03:48:59","guid":{"rendered":"http:\/\/cultura.sma.gob.ar\/?p=623"},"modified":"2020-11-05T00:48:59","modified_gmt":"2020-11-05T03:48:59","slug":"florencia-belaustegui-14-feria-regional-del-libro","status":"publish","type":"post","link":"https:\/\/cultura.sma.gob.ar\/?p=623","title":{"rendered":"Florencia Bel\u00e1ustegui | 14\u00b0 Feria Regional del Libro"},"content":{"rendered":"\n<figure class=\"wp-block-image size-large\"><img loading=\"lazy\" decoding=\"async\" width=\"787\" height=\"785\" src=\"http:\/\/cultura.sma.gob.ar\/wp-content\/uploads\/2020\/11\/FLORENCIA-BELAUSTEGUI.png\" alt=\"\" class=\"wp-image-624\" srcset=\"https:\/\/cultura.sma.gob.ar\/wp-content\/uploads\/2020\/11\/FLORENCIA-BELAUSTEGUI.png 787w, https:\/\/cultura.sma.gob.ar\/wp-content\/uploads\/2020\/11\/FLORENCIA-BELAUSTEGUI-300x300.png 300w, https:\/\/cultura.sma.gob.ar\/wp-content\/uploads\/2020\/11\/FLORENCIA-BELAUSTEGUI-150x150.png 150w, https:\/\/cultura.sma.gob.ar\/wp-content\/uploads\/2020\/11\/FLORENCIA-BELAUSTEGUI-768x766.png 768w, https:\/\/cultura.sma.gob.ar\/wp-content\/uploads\/2020\/11\/FLORENCIA-BELAUSTEGUI-90x90.png 90w\" sizes=\"auto, (max-width: 787px) 100vw, 787px\" \/><\/figure>\n\n\n\n<p>Por <strong>La Palestra Ediciones<\/strong><\/p>\n\n\n\n<ul class=\"wp-block-list\"><li>Martes 10 &#8211; 19:30hs &#8211; Presentaci\u00f3n v\u00eda Zoom<\/li><\/ul>\n\n\n\n<p>Silvina Ocampo es uno de los personajes m\u00e1s enigm\u00e1ticos de la literatura<br>argentina. Envuelta en un halo de misterio, rodeada de las m\u00e1s destacadas<br>figuras literarias, su obra pas\u00f3 desapercibida durante mucho tiempo.<br>Descubrirla es tarea del lector-detective quien, hurgando en entrevistas y<br>escritos, entablar\u00e1 un juego planteado por la escritora.<\/p>\n\n\n\n<p><br><strong>Florencia Bel\u00e1ustegui<\/strong> creci\u00f3 en Buenos Aires y a los veinticinco a\u00f1os se<br>radic\u00f3 en San Mart\u00edn de los Andes. Estudi\u00f3 Letras en la Universidad<br>Cat\u00f3lica Argentina. Public\u00f3 su primer libro de ficci\u00f3n \u201c\u00bfQui\u00e9n es Loretta?\u201d<br>en 2019. Desde hace seis a\u00f1os dirige La Palestra Ediciones y la revista<br>digital www.lapalestranoticias.com.<\/p>\n","protected":false},"excerpt":{"rendered":"<p>Presentaci\u00f3n virtual <a href=\"https:\/\/cultura.sma.gob.ar\/?p=623\" class=\"more-link\">Continue reading <span class=\"screen-reader-text\">Florencia Bel\u00e1ustegui | 14\u00b0 Feria Regional del Libro<\/span><\/a><\/p>\n","protected":false},"author":1,"featured_media":296,"comment_status":"closed","ping_status":"","sticky":false,"template":"","format":"image","meta":{"footnotes":""},"categories":[3,9],"tags":[],"class_list":["post-623","post","type-post","status-publish","format-image","has-post-thumbnail","hentry","category-eventos-cultura","category-ultimas-noticias","post_format-post-format-image"],"_links":{"self":[{"href":"https:\/\/cultura.sma.gob.ar\/index.php?rest_route=\/wp\/v2\/posts\/623","targetHints":{"allow":["GET"]}}],"collection":[{"href":"https:\/\/cultura.sma.gob.ar\/index.php?rest_route=\/wp\/v2\/posts"}],"about":[{"href":"https:\/\/cultura.sma.gob.ar\/index.php?rest_route=\/wp\/v2\/types\/post"}],"author":[{"embeddable":true,"href":"https:\/\/cultura.sma.gob.ar\/index.php?rest_route=\/wp\/v2\/users\/1"}],"replies":[{"embeddable":true,"href":"https:\/\/cultura.sma.gob.ar\/index.php?rest_route=%2Fwp%2Fv2%2Fcomments&post=623"}],"version-history":[{"count":1,"href":"https:\/\/cultura.sma.gob.ar\/index.php?rest_route=\/wp\/v2\/posts\/623\/revisions"}],"predecessor-version":[{"id":625,"href":"https:\/\/cultura.sma.gob.ar\/index.php?rest_route=\/wp\/v2\/posts\/623\/revisions\/625"}],"wp:featuredmedia":[{"embeddable":true,"href":"https:\/\/cultura.sma.gob.ar\/index.php?rest_route=\/wp\/v2\/media\/296"}],"wp:attachment":[{"href":"https:\/\/cultura.sma.gob.ar\/index.php?rest_route=%2Fwp%2Fv2%2Fmedia&parent=623"}],"wp:term":[{"taxonomy":"category","embeddable":true,"href":"https:\/\/cultura.sma.gob.ar\/index.php?rest_route=%2Fwp%2Fv2%2Fcategories&post=623"},{"taxonomy":"post_tag","embeddable":true,"href":"https:\/\/cultura.sma.gob.ar\/index.php?rest_route=%2Fwp%2Fv2%2Ftags&post=623"}],"curies":[{"name":"wp","href":"https:\/\/api.w.org\/{rel}","templated":true}]}}