{"id":6227,"date":"2024-12-03T09:53:46","date_gmt":"2024-12-03T12:53:46","guid":{"rendered":"http:\/\/cultura.sma.gob.ar\/?p=6227"},"modified":"2024-12-03T09:53:46","modified_gmt":"2024-12-03T12:53:46","slug":"magia-navidena-show-abierto-en-la-plaza-san-martin","status":"publish","type":"post","link":"https:\/\/cultura.sma.gob.ar\/?p=6227","title":{"rendered":"Magia Navide\u00f1a: show abierto en la plaza San Mart\u00edn"},"content":{"rendered":"\n<figure class=\"wp-block-image size-large\"><img loading=\"lazy\" decoding=\"async\" width=\"509\" height=\"547\" src=\"https:\/\/cultura.sma.gob.ar\/wp-content\/uploads\/2024\/12\/Screenshot-2024-12-03-9.49.44-AM.png\" alt=\"\" class=\"wp-image-6228\" srcset=\"https:\/\/cultura.sma.gob.ar\/wp-content\/uploads\/2024\/12\/Screenshot-2024-12-03-9.49.44-AM.png 509w, https:\/\/cultura.sma.gob.ar\/wp-content\/uploads\/2024\/12\/Screenshot-2024-12-03-9.49.44-AM-279x300.png 279w, https:\/\/cultura.sma.gob.ar\/wp-content\/uploads\/2024\/12\/Screenshot-2024-12-03-9.49.44-AM-84x90.png 84w\" sizes=\"auto, (max-width: 509px) 100vw, 509px\" \/><\/figure>\n\n\n\n<p>Este S\u00e1bado 7 de Diciembre a las 21 hs en la Plaza San Martin\u00a0invitamos a la comunidad a sentir la magia navide\u00f1a!! Un super Show Circense y de\u00a0 fantas\u00eda con 10 artistas locales en escena, escenograf\u00eda gigante y maquillaje art\u00edstico.<\/p>\n\n\n\n<p><strong>Danza &#8211; Acrobacias &#8211; Aereos &#8211; Fuego \u2013\u00a0Burbujas y\u00a0mucho\u00a0mas!!!<\/strong><\/p>\n\n\n\n<p>Artistas, acr\u00f3batas y bailarines de nuestra ciudad se convierten en duendes navide\u00f1os y te esperan para disfrutar. Adem\u00e1s, pod\u00e9s traer tus cartitas a pap\u00e1 Noel y ponerlas en nuestro buz\u00f3n!! Los duendes se encargar\u00e1n de hacerlas llegar a Pap\u00e1 Noel<\/p>\n\n\n\n<p><strong>La propuesta es a la gorra consciente!!!\u00a0<\/strong><\/p>\n\n\n\n<p>Es una producci\u00f3n independiente y autogestiva de una productora en auge compuesta por\u00a0 Romina Farias, artista y directora de CIRDANTE, Denise Francese, como escen\u00f3grafa y maquilladora art\u00edstica, Maria Sol Lence \u2013 de CRISTAL CIRCO<\/p>\n\n\n\n<p>-CONSULTAS Y CONTRATACIONES<\/p>\n\n\n\n<p>Instagram @bodyartsma &#8211; +54 9 11 6158-2103<\/p>\n\n\n\n<p>Instagram @Cirdante.multiespacio &#8211;&nbsp; +54 9 11 6645-7692&nbsp;<\/p>\n\n\n\n<p>Instagram@cristalcirco &#8211; +54 9 1131419544 &#8211;&nbsp; mail destellos@gmail.com<\/p>\n\n\n\n<p><strong>Nos Auspician<\/strong><\/p>\n\n\n\n<p>PIZZA BAR \u2013 Instagram @<a href=\"https:\/\/www.instagram.com\/pizzabarsmandes\/\">pizzabarsmandes &#8211; \u00a0Villegas 987\u00a0<\/a><\/p>\n\n\n\n<p>WEMUL &#8211; Instagram @wemul_cerveceriabarberia Belgrano 676<\/p>\n\n\n\n<p><strong>Artistas en escena:<\/strong> Ayel\u00e9n Ramirez &#8211; Milagros Prado \u2013 Diego Sampedro \u2013 Luciano Canevari &#8211; Juliana L\u00f3pez &#8211; Luz Ibarra \u2013 Delfina Frieiro- Juli\u00e1n Munch &#8211; Romina Farias &#8211; Maria Sol Lence<\/p>\n\n\n\n<p><strong>Artistas detr\u00e1s de escena<\/strong>: Denise Francese &#8211; Ana van der Heyden<\/p>\n","protected":false},"excerpt":{"rendered":"<p>Este S\u00e1bado 7 de Diciembre a las 21 hs en la Plaza San Martin\u00a0invitamos a la comunidad a sentir la magia navide\u00f1a!! Un super Show Circense y de\u00a0 fantas\u00eda con 10 artistas locales en escena, escenograf\u00eda gigante y maquillaje art\u00edstico. Danza &#8211; Acrobacias &#8211; Aereos &#8211; Fuego \u2013\u00a0Burbujas y\u00a0mucho\u00a0mas!!! Artistas, acr\u00f3batas y bailarines de nuestra ciudad se convierten en duendes navide\u00f1os y te esperan para &hellip; <a href=\"https:\/\/cultura.sma.gob.ar\/?p=6227\" class=\"more-link\">Continue reading <span class=\"screen-reader-text\">Magia Navide\u00f1a: show abierto en la plaza San Mart\u00edn<\/span><\/a><\/p>\n","protected":false},"author":1,"featured_media":297,"comment_status":"closed","ping_status":"","sticky":false,"template":"","format":"image","meta":{"footnotes":""},"categories":[2,9],"tags":[],"class_list":["post-6227","post","type-post","status-publish","format-image","has-post-thumbnail","hentry","category-ciudad-cultural","category-ultimas-noticias","post_format-post-format-image"],"_links":{"self":[{"href":"https:\/\/cultura.sma.gob.ar\/index.php?rest_route=\/wp\/v2\/posts\/6227","targetHints":{"allow":["GET"]}}],"collection":[{"href":"https:\/\/cultura.sma.gob.ar\/index.php?rest_route=\/wp\/v2\/posts"}],"about":[{"href":"https:\/\/cultura.sma.gob.ar\/index.php?rest_route=\/wp\/v2\/types\/post"}],"author":[{"embeddable":true,"href":"https:\/\/cultura.sma.gob.ar\/index.php?rest_route=\/wp\/v2\/users\/1"}],"replies":[{"embeddable":true,"href":"https:\/\/cultura.sma.gob.ar\/index.php?rest_route=%2Fwp%2Fv2%2Fcomments&post=6227"}],"version-history":[{"count":1,"href":"https:\/\/cultura.sma.gob.ar\/index.php?rest_route=\/wp\/v2\/posts\/6227\/revisions"}],"predecessor-version":[{"id":6229,"href":"https:\/\/cultura.sma.gob.ar\/index.php?rest_route=\/wp\/v2\/posts\/6227\/revisions\/6229"}],"wp:featuredmedia":[{"embeddable":true,"href":"https:\/\/cultura.sma.gob.ar\/index.php?rest_route=\/wp\/v2\/media\/297"}],"wp:attachment":[{"href":"https:\/\/cultura.sma.gob.ar\/index.php?rest_route=%2Fwp%2Fv2%2Fmedia&parent=6227"}],"wp:term":[{"taxonomy":"category","embeddable":true,"href":"https:\/\/cultura.sma.gob.ar\/index.php?rest_route=%2Fwp%2Fv2%2Fcategories&post=6227"},{"taxonomy":"post_tag","embeddable":true,"href":"https:\/\/cultura.sma.gob.ar\/index.php?rest_route=%2Fwp%2Fv2%2Ftags&post=6227"}],"curies":[{"name":"wp","href":"https:\/\/api.w.org\/{rel}","templated":true}]}}