{"id":6196,"date":"2024-11-21T09:38:40","date_gmt":"2024-11-21T12:38:40","guid":{"rendered":"http:\/\/cultura.sma.gob.ar\/?p=6196"},"modified":"2024-11-22T16:16:29","modified_gmt":"2024-11-22T19:16:29","slug":"convocatoria-2025-artes-visuales-para-exponer-en-la-sala-chapitel","status":"publish","type":"post","link":"https:\/\/cultura.sma.gob.ar\/?p=6196","title":{"rendered":"CONVOCATORIA 2025 \u2013 ARTES VISUALES para exponer en la Sala Chapitel"},"content":{"rendered":"\n<p>La Secretar\u00eda de Cultura de San Mart\u00edn de los Andes abre la convocatoria para<br>la recepci\u00f3n de proyectos expositivos para su exhibici\u00f3n en la Sala Municipal<br>de Exposiciones Lidaura Chapitel durante el a\u00f1o 2025.<\/p>\n\n\n\n<figure class=\"wp-block-image size-large\"><img loading=\"lazy\" decoding=\"async\" width=\"492\" height=\"598\" src=\"https:\/\/cultura.sma.gob.ar\/wp-content\/uploads\/2024\/11\/Screenshot-2024-11-22-4.06.59-PM.png\" alt=\"\" class=\"wp-image-6205\" srcset=\"https:\/\/cultura.sma.gob.ar\/wp-content\/uploads\/2024\/11\/Screenshot-2024-11-22-4.06.59-PM.png 492w, https:\/\/cultura.sma.gob.ar\/wp-content\/uploads\/2024\/11\/Screenshot-2024-11-22-4.06.59-PM-247x300.png 247w, https:\/\/cultura.sma.gob.ar\/wp-content\/uploads\/2024\/11\/Screenshot-2024-11-22-4.06.59-PM-74x90.png 74w\" sizes=\"auto, (max-width: 492px) 100vw, 492px\" \/><\/figure>\n\n\n\n<p><strong>Destinatarios<\/strong><br>La convocatoria est\u00e1 dirigida a artistas o colectivos visuales residentes en las provincias Neuqu\u00e9n y R\u00edo Negro, mayores de 18 a\u00f1os, que utilicen cualquier tipo de lenguaje: instalaci\u00f3n, fotograf\u00eda, pintura, video arte, dibujo, escultura, performance u otra t\u00e9cnica que combine \u00e9stos u otros procedimientos entre s\u00ed.<\/p>\n\n\n\n<p><strong>Presentaci\u00f3n de propuestas<\/strong><br>Los artistas o colectivos visuales que deseen participar de la convocatoria<br>tienen plazo hasta el 07 de diciembre de 2024 inclusive para enviar sus<br>proyectos.<br>Las presentaciones deber\u00e1n enviarse en un \u00fanico archivo pdf*, de hasta 5<br>MB, rotulado de la siguiente manera: apellido_nombre.pdf, a la direcci\u00f3n de<br>correo: salamunicipal.chapitel@gmail.com , asunto: Convocatoria Sala 2025.<\/p>\n\n\n\n<figure class=\"wp-block-image size-large\"><img loading=\"lazy\" decoding=\"async\" width=\"1024\" height=\"1024\" src=\"https:\/\/cultura.sma.gob.ar\/wp-content\/uploads\/2024\/11\/SMA-LC0037-Convocatoria-Artes-Visuales-2025-BASES-v-03-1024x1024.jpg\" alt=\"\" class=\"wp-image-6211\" srcset=\"https:\/\/cultura.sma.gob.ar\/wp-content\/uploads\/2024\/11\/SMA-LC0037-Convocatoria-Artes-Visuales-2025-BASES-v-03-1024x1024.jpg 1024w, https:\/\/cultura.sma.gob.ar\/wp-content\/uploads\/2024\/11\/SMA-LC0037-Convocatoria-Artes-Visuales-2025-BASES-v-03-300x300.jpg 300w, https:\/\/cultura.sma.gob.ar\/wp-content\/uploads\/2024\/11\/SMA-LC0037-Convocatoria-Artes-Visuales-2025-BASES-v-03-150x150.jpg 150w, https:\/\/cultura.sma.gob.ar\/wp-content\/uploads\/2024\/11\/SMA-LC0037-Convocatoria-Artes-Visuales-2025-BASES-v-03-768x768.jpg 768w, https:\/\/cultura.sma.gob.ar\/wp-content\/uploads\/2024\/11\/SMA-LC0037-Convocatoria-Artes-Visuales-2025-BASES-v-03-90x90.jpg 90w, https:\/\/cultura.sma.gob.ar\/wp-content\/uploads\/2024\/11\/SMA-LC0037-Convocatoria-Artes-Visuales-2025-BASES-v-03.jpg 1533w\" sizes=\"auto, (max-width: 1024px) 100vw, 1024px\" \/><\/figure>\n\n\n\n<p><strong>*El archivo deber\u00e1 contener la siguiente informaci\u00f3n:<\/strong><\/p>\n\n\n\n<p>1-Datos personales: nombre, fecha de nacimiento, datos de contacto (mail-<br>tel\u00e9fono-p\u00e1gina web\/blog\/RRSS), lugar de residencia.<br>2-Curr\u00edculum Vitae o biograf\u00eda breve (m\u00e1ximo 1 carilla) que incluya su<br>trayectoria y exposiciones realizadas.<br>3-T\u00edtulo del proyecto. S\u00edntesis conceptual. Requerimientos t\u00e9cnicos y de<br>montaje de obra.<br>4-Listado del total de obras a exponer con los siguientes datos: t\u00edtulo, t\u00e9cnica,<br>tama\u00f1o, a\u00f1o de realizaci\u00f3n y precio.<br>5-Un m\u00ednimo de 10 y un m\u00e1ximo de 15 im\u00e1genes de las obras presentadas con<br>los siguientes datos al pie: t\u00edtulo, t\u00e9cnica, tama\u00f1o, a\u00f1o de realizaci\u00f3n.<br>6-En el caso de videos, incluir enlaces a sitios como YouTube o Vimeo (si el<br>video estuviera protegido por una contrase\u00f1a, no olvidar enviarla junto con la<br>presentaci\u00f3n).<br>7-Declaraci\u00f3n de autor\u00eda firmada con el siguiente formato:<br>El artista declara y manifiesta que las obras presentadas son de su autor\u00eda,<br>\u00e9l es su \u00fanico y absoluto creador, as\u00ed como su exclusivo y leg\u00edtimo propietario<br>de todas y cada una de dichas Obras de Arte Originales y\/o posee todos los<br>derechos, licencias, consentimientos, permisos y autorizaciones vigentes<br>emitidas por autoridad competente que se requieran para ser publicadas sin<br>\u00e1nimo de lucro. Firma y aclaraci\u00f3n.<\/p>\n\n\n\n<figure class=\"wp-block-image size-large\"><img loading=\"lazy\" decoding=\"async\" width=\"1024\" height=\"1024\" src=\"http:\/\/cultura.sma.gob.ar\/wp-content\/uploads\/2024\/11\/SMA-LC0037-Convocatoria-Artes-Visuales-2025-BASES-v-04-1024x1024.jpg\" alt=\"\" class=\"wp-image-6212\" srcset=\"https:\/\/cultura.sma.gob.ar\/wp-content\/uploads\/2024\/11\/SMA-LC0037-Convocatoria-Artes-Visuales-2025-BASES-v-04-1024x1024.jpg 1024w, https:\/\/cultura.sma.gob.ar\/wp-content\/uploads\/2024\/11\/SMA-LC0037-Convocatoria-Artes-Visuales-2025-BASES-v-04-300x300.jpg 300w, https:\/\/cultura.sma.gob.ar\/wp-content\/uploads\/2024\/11\/SMA-LC0037-Convocatoria-Artes-Visuales-2025-BASES-v-04-150x150.jpg 150w, https:\/\/cultura.sma.gob.ar\/wp-content\/uploads\/2024\/11\/SMA-LC0037-Convocatoria-Artes-Visuales-2025-BASES-v-04-768x768.jpg 768w, https:\/\/cultura.sma.gob.ar\/wp-content\/uploads\/2024\/11\/SMA-LC0037-Convocatoria-Artes-Visuales-2025-BASES-v-04-90x90.jpg 90w, https:\/\/cultura.sma.gob.ar\/wp-content\/uploads\/2024\/11\/SMA-LC0037-Convocatoria-Artes-Visuales-2025-BASES-v-04.jpg 1533w\" sizes=\"auto, (max-width: 1024px) 100vw, 1024px\" \/><\/figure>\n\n\n\n<p><strong>Sobre la selecci\u00f3n de obras<\/strong><br>Los proyectos ser\u00e1n evaluados por un jurado externo conformado por: Patricia<br>del Rio, curadora del MNBA de Neuqu\u00e9n; Viviana Errecalde, artista visual de<br>San Mart\u00edn de la Andes, autoridades de la Secretar\u00eda de Cultura y la<br>Asociaci\u00f3n Amigos de la Sala.<\/p>\n\n\n\n<p><strong>Ser\u00e1 necesario:<\/strong><br>-Que las obras cumplan con los requisitos t\u00e9cnicos y de presentaci\u00f3n<br>planteados en las bases de la convocatoria.<br>-Que los principios conceptuales expresados en la propuesta presentada<br>puedan verse reflejados en el cuerpo de obra a exhibir.<br>-No se aceptar\u00e1n propuestas incompletas o que no cumplan con alguno de los<br>requerimientos o informaci\u00f3n solicitada.<\/p>\n\n\n\n<p><strong>Observaciones<\/strong><br>-Los artistas tendr\u00e1n a su cargo el traslado de obra desde su lugar de origen<br>hasta la sala de exposiciones.<br>-Se priorizar\u00e1n aquellos artistas que no hayan expuesto durante el a\u00f1o 2024, sin<br>ser \u00e9ste un requisito excluyente.<br>-A los seleccionados se les asignar\u00e1 una fecha dentro del cronograma de<br>la sala que contempla el per\u00edodo marzo de 2025 a diciembre 2025, que<br>ser\u00e1 comunicada a los artistas, quienes deber\u00e1n dar su consentimiento y<br>respetar la fecha asignada. Es requisito indispensable para la<br>participaci\u00f3n de la convocatoria la disponibilidad de las obras en los<br>tiempos se\u00f1alados que se contemplan en el programa anual.<br>-El espacio expositivo podr\u00e1 compartirse en di\u00e1logo con otras\/os artistas<br>seg\u00fan criterios curatoriales a cargo del equipo profesional de la Sala<br>Chapitel.<br>&#8211;<strong>Se firmar\u00e1 el Convenio y se har\u00e1 entrega del reglamento de la Sala<br>Municipal de Exposiciones Lidaura Chapitel.<\/strong><\/p>\n\n\n\n<p><strong>La sala brindar\u00e1<\/strong><\/p>\n\n\n\n<ul class=\"wp-block-list\"><li>Acompa\u00f1amiento y asesoramiento para la confecci\u00f3n del proyecto expositivo<br>a aquellos que lo requieran.<\/li><li>Acompa\u00f1amiento en montaje.<br>-Las piezas gr\u00e1ficas y difusi\u00f3n digital (flyers, textos sala, biograf\u00edas,<br>nomencladores, postales para el p\u00fablico, carteler\u00eda exterior).<\/li><li>Campa\u00f1a de prensa y comunicaci\u00f3n en medios locales y regionales.<\/li><li>Vernissage.<\/li><\/ul>\n\n\n\n<p><strong>Para mayor informaci\u00f3n comunicarse con la Sala Municipal de Exposiciones Lidaura Chapitel de San Mart\u00edn de los Andes: salamunicipal.chapitel@gmail.com<\/strong><\/p>\n","protected":false},"excerpt":{"rendered":"<p>La Secretar\u00eda de Cultura de San Mart\u00edn de los Andes abre la convocatoria parala recepci\u00f3n de proyectos expositivos para su exhibici\u00f3n en la Sala Municipalde Exposiciones Lidaura Chapitel durante el a\u00f1o 2025. DestinatariosLa convocatoria est\u00e1 dirigida a artistas o colectivos visuales residentes en las provincias Neuqu\u00e9n y R\u00edo Negro, mayores de 18 a\u00f1os, que utilicen cualquier tipo de lenguaje: instalaci\u00f3n, fotograf\u00eda, pintura, video arte, dibujo, &hellip; <a href=\"https:\/\/cultura.sma.gob.ar\/?p=6196\" class=\"more-link\">Continue reading <span class=\"screen-reader-text\">CONVOCATORIA 2025 \u2013 ARTES VISUALES para exponer en la Sala Chapitel<\/span><\/a><\/p>\n","protected":false},"author":1,"featured_media":295,"comment_status":"closed","ping_status":"","sticky":false,"template":"","format":"image","meta":{"footnotes":""},"categories":[6,9],"tags":[],"class_list":["post-6196","post","type-post","status-publish","format-image","has-post-thumbnail","hentry","category-sala-lidaura-chapitel","category-ultimas-noticias","post_format-post-format-image"],"_links":{"self":[{"href":"https:\/\/cultura.sma.gob.ar\/index.php?rest_route=\/wp\/v2\/posts\/6196","targetHints":{"allow":["GET"]}}],"collection":[{"href":"https:\/\/cultura.sma.gob.ar\/index.php?rest_route=\/wp\/v2\/posts"}],"about":[{"href":"https:\/\/cultura.sma.gob.ar\/index.php?rest_route=\/wp\/v2\/types\/post"}],"author":[{"embeddable":true,"href":"https:\/\/cultura.sma.gob.ar\/index.php?rest_route=\/wp\/v2\/users\/1"}],"replies":[{"embeddable":true,"href":"https:\/\/cultura.sma.gob.ar\/index.php?rest_route=%2Fwp%2Fv2%2Fcomments&post=6196"}],"version-history":[{"count":4,"href":"https:\/\/cultura.sma.gob.ar\/index.php?rest_route=\/wp\/v2\/posts\/6196\/revisions"}],"predecessor-version":[{"id":6213,"href":"https:\/\/cultura.sma.gob.ar\/index.php?rest_route=\/wp\/v2\/posts\/6196\/revisions\/6213"}],"wp:featuredmedia":[{"embeddable":true,"href":"https:\/\/cultura.sma.gob.ar\/index.php?rest_route=\/wp\/v2\/media\/295"}],"wp:attachment":[{"href":"https:\/\/cultura.sma.gob.ar\/index.php?rest_route=%2Fwp%2Fv2%2Fmedia&parent=6196"}],"wp:term":[{"taxonomy":"category","embeddable":true,"href":"https:\/\/cultura.sma.gob.ar\/index.php?rest_route=%2Fwp%2Fv2%2Fcategories&post=6196"},{"taxonomy":"post_tag","embeddable":true,"href":"https:\/\/cultura.sma.gob.ar\/index.php?rest_route=%2Fwp%2Fv2%2Ftags&post=6196"}],"curies":[{"name":"wp","href":"https:\/\/api.w.org\/{rel}","templated":true}]}}