{"id":6185,"date":"2024-11-21T09:33:30","date_gmt":"2024-11-21T12:33:30","guid":{"rendered":"http:\/\/cultura.sma.gob.ar\/?p=6185"},"modified":"2024-11-22T16:05:41","modified_gmt":"2024-11-22T19:05:41","slug":"nueva-muestras-de-martin-castaneda-y-gabriela-parrillas-en-la-sala-chapitel","status":"publish","type":"post","link":"https:\/\/cultura.sma.gob.ar\/?p=6185","title":{"rendered":"Nueva muestras de Mart\u00edn Casta\u00f1eda y Gabriela Parrillas en la Sala Chapitel"},"content":{"rendered":"\n<p>Mart\u00edn Casta\u00f1eda: Negropia. Monocopias solo negro (serigraf\u00edas experimentales)<\/p>\n\n\n\n<p>Gabriela Parrillas: La vida misma (pinturas)<\/p>\n\n\n\n<p><strong>Inauguran el viernes 15 noviembre a las 20 hs. Hasta el 11 de diciembre.<\/strong><\/p>\n\n\n\n<p>La obra de Mart\u00edn Casta\u00f1eda explora las t\u00e9cnicas serigr\u00e1ficas y sus l\u00edmites formales, de las que se vale como herramienta de expresi\u00f3n&nbsp; a trav\u00e9s del&nbsp;impulso de lo gestual, lo&nbsp;impredecible&nbsp;y la redefinici\u00f3n del error.<\/p>\n\n\n\n<p>Las pinturas de Gabriela Parrillas son una expresi\u00f3n&nbsp; del torbellino de la vida, sus ciclos y emociones que trazan el&nbsp;camino de su experiencia&nbsp;&nbsp;personal.<br>Entrada abierta y gratuita<\/p>\n","protected":false},"excerpt":{"rendered":"<p>Mart\u00edn Casta\u00f1eda: Negropia. Monocopias solo negro (serigraf\u00edas experimentales) Gabriela Parrillas: La vida misma (pinturas) Inauguran el viernes 15 noviembre a las 20 hs. Hasta el 11 de diciembre. La obra de Mart\u00edn Casta\u00f1eda explora las t\u00e9cnicas serigr\u00e1ficas y sus l\u00edmites formales, de las que se vale como herramienta de expresi\u00f3n&nbsp; a trav\u00e9s del&nbsp;impulso de lo gestual, lo&nbsp;impredecible&nbsp;y la redefinici\u00f3n del error. Las pinturas de Gabriela &hellip; <a href=\"https:\/\/cultura.sma.gob.ar\/?p=6185\" class=\"more-link\">Continue reading <span class=\"screen-reader-text\">Nueva muestras de Mart\u00edn Casta\u00f1eda y Gabriela Parrillas en la Sala Chapitel<\/span><\/a><\/p>\n","protected":false},"author":1,"featured_media":295,"comment_status":"closed","ping_status":"","sticky":false,"template":"","format":"image","meta":{"footnotes":""},"categories":[6,9],"tags":[],"class_list":["post-6185","post","type-post","status-publish","format-image","has-post-thumbnail","hentry","category-sala-lidaura-chapitel","category-ultimas-noticias","post_format-post-format-image"],"_links":{"self":[{"href":"https:\/\/cultura.sma.gob.ar\/index.php?rest_route=\/wp\/v2\/posts\/6185","targetHints":{"allow":["GET"]}}],"collection":[{"href":"https:\/\/cultura.sma.gob.ar\/index.php?rest_route=\/wp\/v2\/posts"}],"about":[{"href":"https:\/\/cultura.sma.gob.ar\/index.php?rest_route=\/wp\/v2\/types\/post"}],"author":[{"embeddable":true,"href":"https:\/\/cultura.sma.gob.ar\/index.php?rest_route=\/wp\/v2\/users\/1"}],"replies":[{"embeddable":true,"href":"https:\/\/cultura.sma.gob.ar\/index.php?rest_route=%2Fwp%2Fv2%2Fcomments&post=6185"}],"version-history":[{"count":2,"href":"https:\/\/cultura.sma.gob.ar\/index.php?rest_route=\/wp\/v2\/posts\/6185\/revisions"}],"predecessor-version":[{"id":6194,"href":"https:\/\/cultura.sma.gob.ar\/index.php?rest_route=\/wp\/v2\/posts\/6185\/revisions\/6194"}],"wp:featuredmedia":[{"embeddable":true,"href":"https:\/\/cultura.sma.gob.ar\/index.php?rest_route=\/wp\/v2\/media\/295"}],"wp:attachment":[{"href":"https:\/\/cultura.sma.gob.ar\/index.php?rest_route=%2Fwp%2Fv2%2Fmedia&parent=6185"}],"wp:term":[{"taxonomy":"category","embeddable":true,"href":"https:\/\/cultura.sma.gob.ar\/index.php?rest_route=%2Fwp%2Fv2%2Fcategories&post=6185"},{"taxonomy":"post_tag","embeddable":true,"href":"https:\/\/cultura.sma.gob.ar\/index.php?rest_route=%2Fwp%2Fv2%2Ftags&post=6185"}],"curies":[{"name":"wp","href":"https:\/\/api.w.org\/{rel}","templated":true}]}}