{"id":6176,"date":"2024-11-05T08:48:35","date_gmt":"2024-11-05T11:48:35","guid":{"rendered":"http:\/\/cultura.sma.gob.ar\/?p=6176"},"modified":"2024-11-05T08:48:35","modified_gmt":"2024-11-05T11:48:35","slug":"manta-trae-dos-charlas-abiertas-con-importantes-artistas-para-esta-semana","status":"publish","type":"post","link":"https:\/\/cultura.sma.gob.ar\/?p=6176","title":{"rendered":"Manta trae dos charlas abiertas con importantes artistas para esta semana"},"content":{"rendered":"\n<figure class=\"wp-block-image size-large\"><img loading=\"lazy\" decoding=\"async\" width=\"1024\" height=\"1024\" src=\"https:\/\/cultura.sma.gob.ar\/wp-content\/uploads\/2024\/11\/WhatsApp-Image-2024-11-04-at-10.00.03-AM-1024x1024.jpeg\" alt=\"\" class=\"wp-image-6178\" srcset=\"https:\/\/cultura.sma.gob.ar\/wp-content\/uploads\/2024\/11\/WhatsApp-Image-2024-11-04-at-10.00.03-AM-1024x1024.jpeg 1024w, https:\/\/cultura.sma.gob.ar\/wp-content\/uploads\/2024\/11\/WhatsApp-Image-2024-11-04-at-10.00.03-AM-300x300.jpeg 300w, https:\/\/cultura.sma.gob.ar\/wp-content\/uploads\/2024\/11\/WhatsApp-Image-2024-11-04-at-10.00.03-AM-150x150.jpeg 150w, https:\/\/cultura.sma.gob.ar\/wp-content\/uploads\/2024\/11\/WhatsApp-Image-2024-11-04-at-10.00.03-AM-768x768.jpeg 768w, https:\/\/cultura.sma.gob.ar\/wp-content\/uploads\/2024\/11\/WhatsApp-Image-2024-11-04-at-10.00.03-AM-90x90.jpeg 90w, https:\/\/cultura.sma.gob.ar\/wp-content\/uploads\/2024\/11\/WhatsApp-Image-2024-11-04-at-10.00.03-AM.jpeg 1200w\" sizes=\"auto, (max-width: 1024px) 100vw, 1024px\" \/><\/figure>\n\n\n\n<p><strong>C\u00f3mo hacerse una vida<\/strong><br>De Deleuze a Preciado<br>Crear conceptos. Trabajar para la vida. Filosof\u00eda solar.<br>*<br>CHARLA ABIERTA<br>Jueves 7 de noviembre de 20 a 22 hs en el Teatro San Jos\u00e9<br>A la gorra! Aporte sugerido: 15.000$<\/p>\n\n\n\n<p>Vamos a estar charlando en medio de cuestiones y conceptos creados por la escuela francesa y cu\u00e1les son sus afecciones hacia pensadores actuales.<br>M\u00e1s all\u00e1 de la alteridad, habitar la diferencia radical.<\/p>\n\n\n\n<p>Cuerpo sin \u00f3rganos.<br>D de Deseo.<br>Deconstrucci\u00f3n.<br>Devenir imperceptible.<br>Contrasexualidad.<br>Percepci\u00f3n y soma.<br>Ano solar.<br>Azar, arte y pluralismo.<\/p>\n\n\n\n<p><strong>Rosana Simonassi (Buenos Aires)<\/strong><br>Artista visual e investigadora en el campo del pensamiento contempor\u00e1neo. Sus trabajos mestizan estas dimensiones para indagar sobre el rol de la imagen en la construcci\u00f3n de nuestra identidad. En la actualidad se dedica a la pr\u00e1ctica cl\u00ednica en esquizoan\u00e1lisis<\/p>\n\n\n\n<p>\u270d\ufffd\ufffd Hay capacidad ILIMITADA! Pero si queres guardar tu lugar escribinos al Instagram de Manta o a\u00a0<a href=\"https:\/\/correo.smandes.gov.ar\/owa\/redir.aspx?C=c5ab605dd6da4ae9a819dc50e25754c2&amp;URL=mailto%3atallermanta%40gmail.com\">tallermanta@gmail.com<\/a><br><a rel=\"noreferrer noopener\" href=\"https:\/\/correo.smandes.gov.ar\/owa\/redir.aspx?C=c5ab605dd6da4ae9a819dc50e25754c2&amp;URL=https%3a%2f%2fwww.instagram.com%2f___________manta_residencia%2f\" target=\"_blank\">https:\/\/www.instagram.com\/___________manta_residencia\/<\/a><\/p>\n\n\n\n<figure class=\"wp-block-image size-large\"><img loading=\"lazy\" decoding=\"async\" width=\"1024\" height=\"1024\" src=\"https:\/\/cultura.sma.gob.ar\/wp-content\/uploads\/2024\/11\/WhatsApp-Image-2024-11-04-at-10.00.55-AM-1024x1024.jpeg\" alt=\"\" class=\"wp-image-6177\" srcset=\"https:\/\/cultura.sma.gob.ar\/wp-content\/uploads\/2024\/11\/WhatsApp-Image-2024-11-04-at-10.00.55-AM-1024x1024.jpeg 1024w, https:\/\/cultura.sma.gob.ar\/wp-content\/uploads\/2024\/11\/WhatsApp-Image-2024-11-04-at-10.00.55-AM-300x300.jpeg 300w, https:\/\/cultura.sma.gob.ar\/wp-content\/uploads\/2024\/11\/WhatsApp-Image-2024-11-04-at-10.00.55-AM-150x150.jpeg 150w, https:\/\/cultura.sma.gob.ar\/wp-content\/uploads\/2024\/11\/WhatsApp-Image-2024-11-04-at-10.00.55-AM-768x768.jpeg 768w, https:\/\/cultura.sma.gob.ar\/wp-content\/uploads\/2024\/11\/WhatsApp-Image-2024-11-04-at-10.00.55-AM-90x90.jpeg 90w, https:\/\/cultura.sma.gob.ar\/wp-content\/uploads\/2024\/11\/WhatsApp-Image-2024-11-04-at-10.00.55-AM.jpeg 1200w\" sizes=\"auto, (max-width: 1024px) 100vw, 1024px\" \/><\/figure>\n\n\n\n<p><strong>HACER COSAS CON PALABRAS<\/strong><br>(alianzas productivas entre los cuerpos y los textos)<br>por Victoria Roland<br>Jornada especial: SABADO 9 NOVIEMBRE &#8211; 10 A 14 hs<br>espacio TRAMA &#8211; San Mart\u00edn de los Andes &#8211; Neuqu\u00e9n<br>Consultas e inscripciones:\u00a0<a href=\"https:\/\/correo.smandes.gov.ar\/owa\/redir.aspx?C=c5ab605dd6da4ae9a819dc50e25754c2&amp;URL=mailto%3atallermanta%40gmail.com\">tallermanta@gmail.com<\/a><br><a rel=\"noreferrer noopener\" href=\"https:\/\/correo.smandes.gov.ar\/owa\/redir.aspx?C=c5ab605dd6da4ae9a819dc50e25754c2&amp;URL=https%3a%2f%2fwww.instagram.com%2f___________manta_residencia%2f\" target=\"_blank\">https:\/\/www.instagram.com\/___________manta_residencia\/<\/a><br>A la gorra!!!!! Aporte sugerido 20.000$<br>*<br>El objetivo de la propuesta HACER COSAS CON PALABRAS es propiciar una investigaci\u00f3n perform\u00e1tica de los textos desde procedimientos t\u00e9cnicos concretos que nos permitan desplegar y expandir la potencialidad material de las palabras: su dimensi\u00f3n sonora-musical, f\u00edsica, sensorial, sensible, expresiva, asociativa, imaginaria y po\u00e9tica. De este modo buscamos fomentar un abordaje no representativo de los textos y desarmar categor\u00edas ya anquilosadas en las pr\u00e1cticas esc\u00e9nicas<\/p>\n\n\n\n<p><strong>Victoria Roland<\/strong><br>Es creadora en artes esc\u00e9nicas, actriz, directora, dramaturga, docente. Su pr\u00e1ctica se desarrolla en el cruce entre el teatro, la performance y la investigaci\u00f3n de lenguajes h\u00edbridos. Forma parte de la compa\u00f1\u00eda La Mujer Mutante (El mundo es m\u00e1s fuerte que yo, Una obra m\u00e1s real que la del mundo, Algunas notas para inventar otros mundos &#8211; Bienal de Performance 2021). Dirigi\u00f3 Beya durmiente (Dj Beya), Teor\u00eda King Kong &#8211; Teatro Cervantes, Construir un j4rd\u00edn y Conferenci4 sobre B3ck3tt \u2013 Universidad Nacional de las Artes, Artista Ex Machina de la artista visual Nicola Constantino &#8211; CETC Teatro Col\u00f3n, Todos los comienzos son falsos &#8211; Ciclo Materia Ef\u00edmera curado por Emilio Garc\u00eda Wehbi en Fundaci\u00f3n Cazadores.<\/p>\n","protected":false},"excerpt":{"rendered":"<p>C\u00f3mo hacerse una vidaDe Deleuze a PreciadoCrear conceptos. Trabajar para la vida. Filosof\u00eda solar.*CHARLA ABIERTAJueves 7 de noviembre de 20 a 22 hs en el Teatro San Jos\u00e9A la gorra! Aporte sugerido: 15.000$ Vamos a estar charlando en medio de cuestiones y conceptos creados por la escuela francesa y cu\u00e1les son sus afecciones hacia pensadores actuales.M\u00e1s all\u00e1 de la alteridad, habitar la diferencia radical. Cuerpo &hellip; <a href=\"https:\/\/cultura.sma.gob.ar\/?p=6176\" class=\"more-link\">Continue reading <span class=\"screen-reader-text\">Manta trae dos charlas abiertas con importantes artistas para esta semana<\/span><\/a><\/p>\n","protected":false},"author":1,"featured_media":297,"comment_status":"closed","ping_status":"","sticky":false,"template":"","format":"image","meta":{"footnotes":""},"categories":[2,9],"tags":[],"class_list":["post-6176","post","type-post","status-publish","format-image","has-post-thumbnail","hentry","category-ciudad-cultural","category-ultimas-noticias","post_format-post-format-image"],"_links":{"self":[{"href":"https:\/\/cultura.sma.gob.ar\/index.php?rest_route=\/wp\/v2\/posts\/6176","targetHints":{"allow":["GET"]}}],"collection":[{"href":"https:\/\/cultura.sma.gob.ar\/index.php?rest_route=\/wp\/v2\/posts"}],"about":[{"href":"https:\/\/cultura.sma.gob.ar\/index.php?rest_route=\/wp\/v2\/types\/post"}],"author":[{"embeddable":true,"href":"https:\/\/cultura.sma.gob.ar\/index.php?rest_route=\/wp\/v2\/users\/1"}],"replies":[{"embeddable":true,"href":"https:\/\/cultura.sma.gob.ar\/index.php?rest_route=%2Fwp%2Fv2%2Fcomments&post=6176"}],"version-history":[{"count":1,"href":"https:\/\/cultura.sma.gob.ar\/index.php?rest_route=\/wp\/v2\/posts\/6176\/revisions"}],"predecessor-version":[{"id":6179,"href":"https:\/\/cultura.sma.gob.ar\/index.php?rest_route=\/wp\/v2\/posts\/6176\/revisions\/6179"}],"wp:featuredmedia":[{"embeddable":true,"href":"https:\/\/cultura.sma.gob.ar\/index.php?rest_route=\/wp\/v2\/media\/297"}],"wp:attachment":[{"href":"https:\/\/cultura.sma.gob.ar\/index.php?rest_route=%2Fwp%2Fv2%2Fmedia&parent=6176"}],"wp:term":[{"taxonomy":"category","embeddable":true,"href":"https:\/\/cultura.sma.gob.ar\/index.php?rest_route=%2Fwp%2Fv2%2Fcategories&post=6176"},{"taxonomy":"post_tag","embeddable":true,"href":"https:\/\/cultura.sma.gob.ar\/index.php?rest_route=%2Fwp%2Fv2%2Ftags&post=6176"}],"curies":[{"name":"wp","href":"https:\/\/api.w.org\/{rel}","templated":true}]}}