{"id":6171,"date":"2024-10-31T11:45:17","date_gmt":"2024-10-31T14:45:17","guid":{"rendered":"http:\/\/cultura.sma.gob.ar\/?p=6171"},"modified":"2024-10-31T11:45:44","modified_gmt":"2024-10-31T14:45:44","slug":"iii-encuentro-de-mujeres-tejedoras-del-neuquen","status":"publish","type":"post","link":"https:\/\/cultura.sma.gob.ar\/?p=6171","title":{"rendered":"III Encuentro de Mujeres Tejedoras del Neuqu\u00e9n"},"content":{"rendered":"\n<figure class=\"wp-block-image size-large\"><img loading=\"lazy\" decoding=\"async\" width=\"577\" height=\"1024\" src=\"https:\/\/cultura.sma.gob.ar\/wp-content\/uploads\/2024\/10\/WhatsApp-Image-2024-10-31-at-11.27.33-AM-577x1024.jpeg\" alt=\"\" class=\"wp-image-6172\" srcset=\"https:\/\/cultura.sma.gob.ar\/wp-content\/uploads\/2024\/10\/WhatsApp-Image-2024-10-31-at-11.27.33-AM-577x1024.jpeg 577w, https:\/\/cultura.sma.gob.ar\/wp-content\/uploads\/2024\/10\/WhatsApp-Image-2024-10-31-at-11.27.33-AM-169x300.jpeg 169w, https:\/\/cultura.sma.gob.ar\/wp-content\/uploads\/2024\/10\/WhatsApp-Image-2024-10-31-at-11.27.33-AM-768x1364.jpeg 768w, https:\/\/cultura.sma.gob.ar\/wp-content\/uploads\/2024\/10\/WhatsApp-Image-2024-10-31-at-11.27.33-AM-865x1536.jpeg 865w, https:\/\/cultura.sma.gob.ar\/wp-content\/uploads\/2024\/10\/WhatsApp-Image-2024-10-31-at-11.27.33-AM-51x90.jpeg 51w, https:\/\/cultura.sma.gob.ar\/wp-content\/uploads\/2024\/10\/WhatsApp-Image-2024-10-31-at-11.27.33-AM.jpeg 901w\" sizes=\"auto, (max-width: 577px) 100vw, 577px\" \/><\/figure>\n\n\n\n<p>El s\u00e1bado 16 de noviembre se realizar\u00e1 en San Mart\u00edn de los Andes el tercer&nbsp; Encuentro de Mujeres Tejedoras del Neuqu\u00e9n, \u201cLa trama en com\u00fan\u201d, organizado por el Gobierno Provincial y el municipio local.<\/p>\n\n\n\n<p>La actividad, que comenzar\u00e1 a las 12 horas en la plaza San Mart\u00edn de la localidad cordillerana, tiene como finalidad generar un espacio de encuentro y aprendizaje de tejedoras orientado a la recuperaci\u00f3n de saberes, t\u00e9cnicas y experiencias en torno al universo del tejido, desde una perspectiva intercultural.<\/p>\n\n\n\n<p>La iniciativa busca realzar el potencial del territorio y visibilizar los conocimientos en torno al hilado, tintura y tejido de las tejedoras del Neuqu\u00e9n, con el objetivo de visibilizar y poner en valor este patrimonio cultural inmaterial de la provincia.<\/p>\n\n\n\n<p>El encuentro, que forma parte del&nbsp;Programa de Salvaguardia del Patrimonio Cultural Inmaterial del Neuqu\u00e9n, tiene como antecedentes la realizaci\u00f3n de espacios de intercambio similares realizados a nivel provincial y patag\u00f3nico, desde una \u00f3ptica que busca la construcci\u00f3n de pol\u00edticas p\u00fablicas culturales y desde un enfoque territorial de car\u00e1cter federal, en el que se unen las voluntades de los gobiernos locales con el Estado Provincial, con el objetivo de potenciar los saberes e identidades que habitan en el territorio.<\/p>\n\n\n\n<p>La propuesta es con entrada libre y gratuita y las personas interesadas deber\u00e1n inscribirse al correo electr\u00f3nico&nbsp;<a>patrimonioneuquen@gmail.com<\/a>&nbsp;o realizar consultas al tel\u00e9fono 299-5364885 de la direcci\u00f3n General de Patrimonio Cultural de la subsecretar\u00eda de Cultura de la provincia.<\/p>\n\n\n\n<p>La actividad es organizada por la\u00a0secretar\u00eda de Cultura, Inclusi\u00f3n y Gesti\u00f3n Comunitaria del ministerio de Desarrollo Humano, Gobiernos Locales y Mujeres y la Secretar\u00eda de Cultura de San Mart\u00edn de los Andes. Cuenta adem\u00e1s con el auspicio de las municipalidades de San Mart\u00edn de los Andes, Jun\u00edn de los Andes y Villa La Angostura.<\/p>\n","protected":false},"excerpt":{"rendered":"<p>El s\u00e1bado 16 de noviembre se realizar\u00e1 en San Mart\u00edn de los Andes el tercer&nbsp; Encuentro de Mujeres Tejedoras del Neuqu\u00e9n, \u201cLa trama en com\u00fan\u201d, organizado por el Gobierno Provincial y el municipio local. La actividad, que comenzar\u00e1 a las 12 horas en la plaza San Mart\u00edn de la localidad cordillerana, tiene como finalidad generar un espacio de encuentro y aprendizaje de tejedoras orientado a &hellip; <a href=\"https:\/\/cultura.sma.gob.ar\/?p=6171\" class=\"more-link\">Continue reading <span class=\"screen-reader-text\">III Encuentro de Mujeres Tejedoras del Neuqu\u00e9n<\/span><\/a><\/p>\n","protected":false},"author":1,"featured_media":291,"comment_status":"closed","ping_status":"","sticky":false,"template":"","format":"image","meta":{"footnotes":""},"categories":[5,1,9],"tags":[],"class_list":["post-6171","post","type-post","status-publish","format-image","has-post-thumbnail","hentry","category-patrimonio-cultural","category-sin-categoria","category-ultimas-noticias","post_format-post-format-image"],"_links":{"self":[{"href":"https:\/\/cultura.sma.gob.ar\/index.php?rest_route=\/wp\/v2\/posts\/6171","targetHints":{"allow":["GET"]}}],"collection":[{"href":"https:\/\/cultura.sma.gob.ar\/index.php?rest_route=\/wp\/v2\/posts"}],"about":[{"href":"https:\/\/cultura.sma.gob.ar\/index.php?rest_route=\/wp\/v2\/types\/post"}],"author":[{"embeddable":true,"href":"https:\/\/cultura.sma.gob.ar\/index.php?rest_route=\/wp\/v2\/users\/1"}],"replies":[{"embeddable":true,"href":"https:\/\/cultura.sma.gob.ar\/index.php?rest_route=%2Fwp%2Fv2%2Fcomments&post=6171"}],"version-history":[{"count":1,"href":"https:\/\/cultura.sma.gob.ar\/index.php?rest_route=\/wp\/v2\/posts\/6171\/revisions"}],"predecessor-version":[{"id":6173,"href":"https:\/\/cultura.sma.gob.ar\/index.php?rest_route=\/wp\/v2\/posts\/6171\/revisions\/6173"}],"wp:featuredmedia":[{"embeddable":true,"href":"https:\/\/cultura.sma.gob.ar\/index.php?rest_route=\/wp\/v2\/media\/291"}],"wp:attachment":[{"href":"https:\/\/cultura.sma.gob.ar\/index.php?rest_route=%2Fwp%2Fv2%2Fmedia&parent=6171"}],"wp:term":[{"taxonomy":"category","embeddable":true,"href":"https:\/\/cultura.sma.gob.ar\/index.php?rest_route=%2Fwp%2Fv2%2Fcategories&post=6171"},{"taxonomy":"post_tag","embeddable":true,"href":"https:\/\/cultura.sma.gob.ar\/index.php?rest_route=%2Fwp%2Fv2%2Ftags&post=6171"}],"curies":[{"name":"wp","href":"https:\/\/api.w.org\/{rel}","templated":true}]}}