{"id":6167,"date":"2024-10-31T10:45:54","date_gmt":"2024-10-31T13:45:54","guid":{"rendered":"http:\/\/cultura.sma.gob.ar\/?p=6167"},"modified":"2024-10-31T10:45:54","modified_gmt":"2024-10-31T13:45:54","slug":"ultima-recorrida-fotografica-en-ruca-hue-invitacion-a-capturar-la-esencia-del-barrio","status":"publish","type":"post","link":"https:\/\/cultura.sma.gob.ar\/?p=6167","title":{"rendered":"\u00daltima Recorrida Fotogr\u00e1fica en Ruca Hue: Invitaci\u00f3n a Capturar la Esencia del Barrio"},"content":{"rendered":"\n<p>La Biblioteca Popular 9 de Julio invita a vecinos y vecinas a participar en la \u00faltima recorrida fotogr\u00e1fica del ciclo &#8220;Mostranos tu Barrio&#8221;, que se realizar\u00e1 este viernes 1 de noviembre a las 17:00 hs en el barrio Ruca Hue. Este proyecto, que ha contado con la participaci\u00f3n activa de la comunidad, busca reflejar a trav\u00e9s de im\u00e1genes la identidad y belleza de los barrios de San Mart\u00edn de los Andes.<\/p>\n\n\n\n<p>Esta iniciativa de la Biblioteca Popular 9 de Julio invita a los participantes a registrar im\u00e1genes de su entorno, utilizando cualquier dispositivo, ya sea celular, c\u00e1mara o tablet, y est\u00e1 abierta tanto a aficionados como a entusiastas de la fotograf\u00eda.<\/p>\n\n\n\n<p>Durante la actividad, contaremos con la gu\u00eda de reconocidos fot\u00f3grafos locales: Narella Colantuono, Olivia Gentili Gipler (@olivia.gentiligipler), Federico Soto (@federicosoto) y Pablo Camperi (@pablo_camperi), quienes compartir\u00e1n consejos pr\u00e1cticos y t\u00e9cnicas para capturar el esp\u00edritu del barrio. Tambi\u00e9n alentamos a los vecinos y vecinas a traer su mate para disfrutar de una jornada c\u00e1lida y participativa.<\/p>\n\n\n\n<figure class=\"wp-block-image size-large\"><img loading=\"lazy\" decoding=\"async\" width=\"819\" height=\"1024\" src=\"https:\/\/cultura.sma.gob.ar\/wp-content\/uploads\/2024\/10\/c36b7a1a-1759-43da-ae59-06069d5946f1-819x1024.jpeg\" alt=\"\" class=\"wp-image-6168\" srcset=\"https:\/\/cultura.sma.gob.ar\/wp-content\/uploads\/2024\/10\/c36b7a1a-1759-43da-ae59-06069d5946f1-819x1024.jpeg 819w, https:\/\/cultura.sma.gob.ar\/wp-content\/uploads\/2024\/10\/c36b7a1a-1759-43da-ae59-06069d5946f1-240x300.jpeg 240w, https:\/\/cultura.sma.gob.ar\/wp-content\/uploads\/2024\/10\/c36b7a1a-1759-43da-ae59-06069d5946f1-768x960.jpeg 768w, https:\/\/cultura.sma.gob.ar\/wp-content\/uploads\/2024\/10\/c36b7a1a-1759-43da-ae59-06069d5946f1-72x90.jpeg 72w, https:\/\/cultura.sma.gob.ar\/wp-content\/uploads\/2024\/10\/c36b7a1a-1759-43da-ae59-06069d5946f1.jpeg 1080w\" sizes=\"auto, (max-width: 819px) 100vw, 819px\" \/><\/figure>\n\n\n\n<p><strong>Detalles del Evento:<\/strong><\/p>\n\n\n\n<p>Fecha: Viernes, 1 de noviembre de 2024<br>Hora: 17:00 hs<br>Lugar de Encuentro: Junta Vecinal Ruca Hue, San Mart\u00edn de los Andes<br>Actividad Libre y Gratuita<br>Esta ser\u00e1 la \u00faltima oportunidad para sumarse a las recorridas del concurso &#8220;Mostranos tu Barrio&#8221;, que entregar\u00e1 un premio de $250.000 pesos a la fotograf\u00eda ganadora, adem\u00e1s de otros premios e incentivos culturales. Las fotos seleccionadas ser\u00e1n parte de una exhibici\u00f3n en la Sala Municipal de Exposiciones Lidaura Chapitel.<\/p>\n\n\n\n<p>Para m\u00e1s informaci\u00f3n, consultar las redes de la Biblioteca Popular 9 de Julio en Instagram (@biblionueve) o Facebook, o enviar un mensaje de WhatsApp al 2944148100.<\/p>\n","protected":false},"excerpt":{"rendered":"<p>La Biblioteca Popular 9 de Julio invita a vecinos y vecinas a participar en la \u00faltima recorrida fotogr\u00e1fica del ciclo &#8220;Mostranos tu Barrio&#8221;, que se realizar\u00e1 este viernes 1 de noviembre a las 17:00 hs en el barrio Ruca Hue. Este proyecto, que ha contado con la participaci\u00f3n activa de la comunidad, busca reflejar a trav\u00e9s de im\u00e1genes la identidad y belleza de los barrios &hellip; <a href=\"https:\/\/cultura.sma.gob.ar\/?p=6167\" class=\"more-link\">Continue reading <span class=\"screen-reader-text\">\u00daltima Recorrida Fotogr\u00e1fica en Ruca Hue: Invitaci\u00f3n a Capturar la Esencia del Barrio<\/span><\/a><\/p>\n","protected":false},"author":1,"featured_media":297,"comment_status":"closed","ping_status":"","sticky":false,"template":"","format":"image","meta":{"footnotes":""},"categories":[2],"tags":[],"class_list":["post-6167","post","type-post","status-publish","format-image","has-post-thumbnail","hentry","category-ciudad-cultural","post_format-post-format-image"],"_links":{"self":[{"href":"https:\/\/cultura.sma.gob.ar\/index.php?rest_route=\/wp\/v2\/posts\/6167","targetHints":{"allow":["GET"]}}],"collection":[{"href":"https:\/\/cultura.sma.gob.ar\/index.php?rest_route=\/wp\/v2\/posts"}],"about":[{"href":"https:\/\/cultura.sma.gob.ar\/index.php?rest_route=\/wp\/v2\/types\/post"}],"author":[{"embeddable":true,"href":"https:\/\/cultura.sma.gob.ar\/index.php?rest_route=\/wp\/v2\/users\/1"}],"replies":[{"embeddable":true,"href":"https:\/\/cultura.sma.gob.ar\/index.php?rest_route=%2Fwp%2Fv2%2Fcomments&post=6167"}],"version-history":[{"count":1,"href":"https:\/\/cultura.sma.gob.ar\/index.php?rest_route=\/wp\/v2\/posts\/6167\/revisions"}],"predecessor-version":[{"id":6169,"href":"https:\/\/cultura.sma.gob.ar\/index.php?rest_route=\/wp\/v2\/posts\/6167\/revisions\/6169"}],"wp:featuredmedia":[{"embeddable":true,"href":"https:\/\/cultura.sma.gob.ar\/index.php?rest_route=\/wp\/v2\/media\/297"}],"wp:attachment":[{"href":"https:\/\/cultura.sma.gob.ar\/index.php?rest_route=%2Fwp%2Fv2%2Fmedia&parent=6167"}],"wp:term":[{"taxonomy":"category","embeddable":true,"href":"https:\/\/cultura.sma.gob.ar\/index.php?rest_route=%2Fwp%2Fv2%2Fcategories&post=6167"},{"taxonomy":"post_tag","embeddable":true,"href":"https:\/\/cultura.sma.gob.ar\/index.php?rest_route=%2Fwp%2Fv2%2Ftags&post=6167"}],"curies":[{"name":"wp","href":"https:\/\/api.w.org\/{rel}","templated":true}]}}