{"id":616,"date":"2020-11-05T00:20:16","date_gmt":"2020-11-05T03:20:16","guid":{"rendered":"http:\/\/cultura.sma.gob.ar\/?p=616"},"modified":"2020-11-05T00:20:16","modified_gmt":"2020-11-05T03:20:16","slug":"ailin-moreno-14-feria-regional-del-libro","status":"publish","type":"post","link":"https:\/\/cultura.sma.gob.ar\/?p=616","title":{"rendered":"Ail\u00edn Moreno | 14\u00b0 Feria Regional del Libro"},"content":{"rendered":"\n<figure class=\"wp-block-image size-large\"><img loading=\"lazy\" decoding=\"async\" width=\"785\" height=\"787\" src=\"http:\/\/cultura.sma.gob.ar\/wp-content\/uploads\/2020\/11\/AILIN-MORENO.png\" alt=\"\" class=\"wp-image-617\" srcset=\"https:\/\/cultura.sma.gob.ar\/wp-content\/uploads\/2020\/11\/AILIN-MORENO.png 785w, https:\/\/cultura.sma.gob.ar\/wp-content\/uploads\/2020\/11\/AILIN-MORENO-300x300.png 300w, https:\/\/cultura.sma.gob.ar\/wp-content\/uploads\/2020\/11\/AILIN-MORENO-150x150.png 150w, https:\/\/cultura.sma.gob.ar\/wp-content\/uploads\/2020\/11\/AILIN-MORENO-768x770.png 768w, https:\/\/cultura.sma.gob.ar\/wp-content\/uploads\/2020\/11\/AILIN-MORENO-90x90.png 90w\" sizes=\"auto, (max-width: 785px) 100vw, 785px\" \/><\/figure>\n\n\n\n<p>Por <strong>Secretar\u00eda de Cultura<\/strong><\/p>\n\n\n\n<ul class=\"wp-block-list\"><li>Martes 10 &#8211; 16:30hs &#8211; Presentaci\u00f3n v\u00eda Zoom<\/li><\/ul>\n\n\n\n<p>\u201cLos poemas de \u00b4Patinaje sobre hielo\u00b4 son fuertes porque conf\u00edan en lo fr\u00e1gil. Saben que para volverse tesoro hay que insistir. Lastimarme todos los d\u00edas en los mismos lugares hasta que mi piel se haga m\u00e1s fuerte, hasta que lo m\u00e1s cortante sea el filo que me sostiene. Este es un camino de perseverancia err\u00e1tico. Es vagar por las fiestas de la ciudad desafiando l\u00edmites. Es buscar se\u00f1ales pero no saber interpretarlas. Es entregarse a la compulsi\u00f3n. Es animarse a quedarse sola sabiendo que la recompensa valdr\u00e1 la pena. Cuando todo esto termine voy a pensar en vos ba\u00f1\u00e1ndome en un lago y bailar escuchando una canci\u00f3n triste en una fiesta silenciosa. Va a ser mi secreto\u201d&nbsp;<\/p>\n\n\n\n<p>(Texto de Ana&nbsp; Montes, sobre el libro de la autora).<\/p>\n\n\n\n<p><strong>Ail\u00edn Moreno <\/strong>(Buenos Aires, 1994) se desarrolla como fot\u00f3grafa desde la adolescencia. Desde hace algunos a\u00f1os explora la poes\u00eda. Cre\u00f3 www.bunkerparaelfindelmundo.com, una compilaci\u00f3n colectiva de textos con convocatoria permanentemente abierta . \u201cPatinaje sobre hielo\u201d es su primer libro.<\/p>\n","protected":false},"excerpt":{"rendered":"<p>Presentaci\u00f3n virtual <a href=\"https:\/\/cultura.sma.gob.ar\/?p=616\" class=\"more-link\">Continue reading <span class=\"screen-reader-text\">Ail\u00edn Moreno | 14\u00b0 Feria Regional del Libro<\/span><\/a><\/p>\n","protected":false},"author":1,"featured_media":296,"comment_status":"closed","ping_status":"","sticky":false,"template":"","format":"image","meta":{"footnotes":""},"categories":[3,9],"tags":[],"class_list":["post-616","post","type-post","status-publish","format-image","has-post-thumbnail","hentry","category-eventos-cultura","category-ultimas-noticias","post_format-post-format-image"],"_links":{"self":[{"href":"https:\/\/cultura.sma.gob.ar\/index.php?rest_route=\/wp\/v2\/posts\/616","targetHints":{"allow":["GET"]}}],"collection":[{"href":"https:\/\/cultura.sma.gob.ar\/index.php?rest_route=\/wp\/v2\/posts"}],"about":[{"href":"https:\/\/cultura.sma.gob.ar\/index.php?rest_route=\/wp\/v2\/types\/post"}],"author":[{"embeddable":true,"href":"https:\/\/cultura.sma.gob.ar\/index.php?rest_route=\/wp\/v2\/users\/1"}],"replies":[{"embeddable":true,"href":"https:\/\/cultura.sma.gob.ar\/index.php?rest_route=%2Fwp%2Fv2%2Fcomments&post=616"}],"version-history":[{"count":1,"href":"https:\/\/cultura.sma.gob.ar\/index.php?rest_route=\/wp\/v2\/posts\/616\/revisions"}],"predecessor-version":[{"id":618,"href":"https:\/\/cultura.sma.gob.ar\/index.php?rest_route=\/wp\/v2\/posts\/616\/revisions\/618"}],"wp:featuredmedia":[{"embeddable":true,"href":"https:\/\/cultura.sma.gob.ar\/index.php?rest_route=\/wp\/v2\/media\/296"}],"wp:attachment":[{"href":"https:\/\/cultura.sma.gob.ar\/index.php?rest_route=%2Fwp%2Fv2%2Fmedia&parent=616"}],"wp:term":[{"taxonomy":"category","embeddable":true,"href":"https:\/\/cultura.sma.gob.ar\/index.php?rest_route=%2Fwp%2Fv2%2Fcategories&post=616"},{"taxonomy":"post_tag","embeddable":true,"href":"https:\/\/cultura.sma.gob.ar\/index.php?rest_route=%2Fwp%2Fv2%2Ftags&post=616"}],"curies":[{"name":"wp","href":"https:\/\/api.w.org\/{rel}","templated":true}]}}