{"id":6148,"date":"2024-10-25T15:14:19","date_gmt":"2024-10-25T18:14:19","guid":{"rendered":"http:\/\/cultura.sma.gob.ar\/?p=6148"},"modified":"2024-10-25T15:14:19","modified_gmt":"2024-10-25T18:14:19","slug":"se-abre-convocatoria-para-formar-parte-del-ciclo-el-circo-va-al-teatro","status":"publish","type":"post","link":"https:\/\/cultura.sma.gob.ar\/?p=6148","title":{"rendered":"Se abre convocatoria  para formar parte del ciclo \u201cEl Circo va al Teatro\u201d"},"content":{"rendered":"\n<figure class=\"wp-block-image size-large\"><img loading=\"lazy\" decoding=\"async\" width=\"800\" height=\"534\" src=\"https:\/\/cultura.sma.gob.ar\/wp-content\/uploads\/2024\/10\/WhatsApp-Image-2024-10-25-at-2.28.46-PM.jpeg\" alt=\"\" class=\"wp-image-6149\" srcset=\"https:\/\/cultura.sma.gob.ar\/wp-content\/uploads\/2024\/10\/WhatsApp-Image-2024-10-25-at-2.28.46-PM.jpeg 800w, https:\/\/cultura.sma.gob.ar\/wp-content\/uploads\/2024\/10\/WhatsApp-Image-2024-10-25-at-2.28.46-PM-300x200.jpeg 300w, https:\/\/cultura.sma.gob.ar\/wp-content\/uploads\/2024\/10\/WhatsApp-Image-2024-10-25-at-2.28.46-PM-768x513.jpeg 768w, https:\/\/cultura.sma.gob.ar\/wp-content\/uploads\/2024\/10\/WhatsApp-Image-2024-10-25-at-2.28.46-PM-135x90.jpeg 135w\" sizes=\"auto, (max-width: 800px) 100vw, 800px\" \/><\/figure>\n\n\n\n<p>La Secretar\u00eda de Cultura convoca a compa\u00f1\u00edas de Circo de San Mart\u00edn de los Andes a presentar propuestas de funciones aptas para todo p\u00fablico.<\/p>\n\n\n\n<p>Este ciclo de presentaciones est\u00e1 destinado&nbsp; a alumnas y alumnos de jardines y escuelas primarias de la localidad. Las funciones se desarrollar\u00e1n para escuelas entre los d\u00edas 13 y 15 de noviembre de este a\u00f1o en el Teatro San Jos\u00e9&nbsp; y Espacio Trama.<\/p>\n\n\n\n<p>Se priorizar\u00e1n:<\/p>\n\n\n\n<ul class=\"wp-block-list\"><li>nuevas propuestas.<\/li><li>presentaciones que duren hasta 40 min.<\/li><\/ul>\n\n\n\n<p>Para participar del Festival se solicitar\u00e1 a los grupos locales que est\u00e9n inscriptos en el Registro Municipal de Trabajadores y Trabajadoras de la Cultura (Ordenanza 13461\/21).<\/p>\n\n\n\n<p>\u2014 De no estar anotados, pueden hacerlo desde los links publicados en este apartado:&nbsp;<a href=\"http:\/\/cultura.sma.gob.ar\/2022\/04\/20\/continua-abierta-la-inscripcion-al-registro-municipal-de-trabajadores-y-trabajadoras-de-la-cultura\/\">Contin\u00faa abierta la inscripci\u00f3n al Registro Municipal de Trabajadores y Trabajadoras de la Cultura<\/a><\/p>\n\n\n\n<p>\u2013 Las compa\u00f1\u00edas y\/o artistas deben poseer factura y constancia de CBU (excluyente).<\/p>\n\n\n\n<p>Quienes quieran participar deben completar el siguiente formulario para realizar la postulaci\u00f3n: <a href=\"https:\/\/forms.gle\/f9sp4mTVyK8DhkDPA\">https:\/\/forms.gle\/f9sp4mTVyK8DhkDPA<\/a>&nbsp;<\/p>\n\n\n\n<p>Se recibir\u00e1n postulaciones&nbsp;<strong>hasta el viernes 1 de noviembre inclusive.<\/strong><\/p>\n\n\n\n<p><strong>Para m\u00e1s informaci\u00f3n comunicarse&nbsp; al correo electr\u00f3nico <\/strong><a href=\"mailto:cultura@smandes.gob.ar\">cultura@smandes.gob.ar<\/a><strong>&nbsp;<\/strong><\/p>\n","protected":false},"excerpt":{"rendered":"<p>La Secretar\u00eda de Cultura convoca a compa\u00f1\u00edas de Circo de San Mart\u00edn de los Andes a presentar propuestas de funciones aptas para todo p\u00fablico. Este ciclo de presentaciones est\u00e1 destinado&nbsp; a alumnas y alumnos de jardines y escuelas primarias de la localidad. Las funciones se desarrollar\u00e1n para escuelas entre los d\u00edas 13 y 15 de noviembre de este a\u00f1o en el Teatro San Jos\u00e9&nbsp; y &hellip; <a href=\"https:\/\/cultura.sma.gob.ar\/?p=6148\" class=\"more-link\">Continue reading <span class=\"screen-reader-text\">Se abre convocatoria  para formar parte del ciclo \u201cEl Circo va al Teatro\u201d<\/span><\/a><\/p>\n","protected":false},"author":1,"featured_media":296,"comment_status":"closed","ping_status":"","sticky":false,"template":"","format":"image","meta":{"footnotes":""},"categories":[3,9],"tags":[],"class_list":["post-6148","post","type-post","status-publish","format-image","has-post-thumbnail","hentry","category-eventos-cultura","category-ultimas-noticias","post_format-post-format-image"],"_links":{"self":[{"href":"https:\/\/cultura.sma.gob.ar\/index.php?rest_route=\/wp\/v2\/posts\/6148","targetHints":{"allow":["GET"]}}],"collection":[{"href":"https:\/\/cultura.sma.gob.ar\/index.php?rest_route=\/wp\/v2\/posts"}],"about":[{"href":"https:\/\/cultura.sma.gob.ar\/index.php?rest_route=\/wp\/v2\/types\/post"}],"author":[{"embeddable":true,"href":"https:\/\/cultura.sma.gob.ar\/index.php?rest_route=\/wp\/v2\/users\/1"}],"replies":[{"embeddable":true,"href":"https:\/\/cultura.sma.gob.ar\/index.php?rest_route=%2Fwp%2Fv2%2Fcomments&post=6148"}],"version-history":[{"count":1,"href":"https:\/\/cultura.sma.gob.ar\/index.php?rest_route=\/wp\/v2\/posts\/6148\/revisions"}],"predecessor-version":[{"id":6150,"href":"https:\/\/cultura.sma.gob.ar\/index.php?rest_route=\/wp\/v2\/posts\/6148\/revisions\/6150"}],"wp:featuredmedia":[{"embeddable":true,"href":"https:\/\/cultura.sma.gob.ar\/index.php?rest_route=\/wp\/v2\/media\/296"}],"wp:attachment":[{"href":"https:\/\/cultura.sma.gob.ar\/index.php?rest_route=%2Fwp%2Fv2%2Fmedia&parent=6148"}],"wp:term":[{"taxonomy":"category","embeddable":true,"href":"https:\/\/cultura.sma.gob.ar\/index.php?rest_route=%2Fwp%2Fv2%2Fcategories&post=6148"},{"taxonomy":"post_tag","embeddable":true,"href":"https:\/\/cultura.sma.gob.ar\/index.php?rest_route=%2Fwp%2Fv2%2Ftags&post=6148"}],"curies":[{"name":"wp","href":"https:\/\/api.w.org\/{rel}","templated":true}]}}