{"id":6141,"date":"2024-10-21T15:50:58","date_gmt":"2024-10-21T18:50:58","guid":{"rendered":"http:\/\/cultura.sma.gob.ar\/?p=6141"},"modified":"2024-10-21T15:50:58","modified_gmt":"2024-10-21T18:50:58","slug":"la-cueva-del-rock-festeja-sus-2-anos-con-un-recital-gratuito","status":"publish","type":"post","link":"https:\/\/cultura.sma.gob.ar\/?p=6141","title":{"rendered":"&#8220;La cueva del rock&#8221; festeja sus 2 a\u00f1os con un recital gratuito"},"content":{"rendered":"\n<figure class=\"wp-block-image size-large\"><img loading=\"lazy\" decoding=\"async\" width=\"464\" height=\"720\" src=\"https:\/\/cultura.sma.gob.ar\/wp-content\/uploads\/2024\/10\/WhatsApp-Image-2024-10-21-at-12.33.42.jpeg\" alt=\"\" class=\"wp-image-6142\" srcset=\"https:\/\/cultura.sma.gob.ar\/wp-content\/uploads\/2024\/10\/WhatsApp-Image-2024-10-21-at-12.33.42.jpeg 464w, https:\/\/cultura.sma.gob.ar\/wp-content\/uploads\/2024\/10\/WhatsApp-Image-2024-10-21-at-12.33.42-193x300.jpeg 193w, https:\/\/cultura.sma.gob.ar\/wp-content\/uploads\/2024\/10\/WhatsApp-Image-2024-10-21-at-12.33.42-58x90.jpeg 58w\" sizes=\"auto, (max-width: 464px) 100vw, 464px\" \/><\/figure>\n\n\n\n<p>Faltan 5 d\u00edas para nuestro festejo de cumplea\u00f1os&#8230; <\/p>\n\n\n\n<p>El s\u00e1bado 26 de octubre, en el teatro San Jos\u00e9, a partir de las 19 hs vamos a realizar un recital de rock GRATUITO. Se van a presentar: @el_galgo6 m\u00fasico y compositor de nuestra ciudad. Y de la ciudad de Neuqu\u00e9n @babayagarock con todo el rock neuquino.<\/p>\n\n\n\n<p>Adem\u00e1s vamos a sortear entre los presentes:<br>$100.000.<br>Remeras de nuestro programa.<br>Remeras de Baba Yaga Rock.<br>Vouchers de cerveza artesanal @cervezanoscohue<\/p>\n\n\n\n<p>Adem\u00e1s va a estar el stand de @gauchorock.tienda para que puedas ver y comprar todos sus productos y accesorios vintage.<\/p>\n\n\n\n<p>Capacidad m\u00e1xima: 100 personas.<br>NO LO OLVIDES, S\u00c1BADO 26 DE OCTUBRE, 19HS, TEATRO SAN JOSE.<\/p>\n\n\n\n<p>De parte de La Cueva del Rock, queremos agradecer la desinteresada ayuda de Alejandro &#8220;Cachu&#8221; Carrizo y de Dani Ili.<\/p>\n","protected":false},"excerpt":{"rendered":"<p>Faltan 5 d\u00edas para nuestro festejo de cumplea\u00f1os&#8230; El s\u00e1bado 26 de octubre, en el teatro San Jos\u00e9, a partir de las 19 hs vamos a realizar un recital de rock GRATUITO. Se van a presentar: @el_galgo6 m\u00fasico y compositor de nuestra ciudad. Y de la ciudad de Neuqu\u00e9n @babayagarock con todo el rock neuquino. Adem\u00e1s vamos a sortear entre los presentes:$100.000.Remeras de nuestro programa.Remeras &hellip; <a href=\"https:\/\/cultura.sma.gob.ar\/?p=6141\" class=\"more-link\">Continue reading <span class=\"screen-reader-text\">&#8220;La cueva del rock&#8221; festeja sus 2 a\u00f1os con un recital gratuito<\/span><\/a><\/p>\n","protected":false},"author":1,"featured_media":292,"comment_status":"closed","ping_status":"","sticky":false,"template":"","format":"image","meta":{"footnotes":""},"categories":[2,8],"tags":[],"class_list":["post-6141","post","type-post","status-publish","format-image","has-post-thumbnail","hentry","category-ciudad-cultural","category-teatro-san-jose","post_format-post-format-image"],"_links":{"self":[{"href":"https:\/\/cultura.sma.gob.ar\/index.php?rest_route=\/wp\/v2\/posts\/6141","targetHints":{"allow":["GET"]}}],"collection":[{"href":"https:\/\/cultura.sma.gob.ar\/index.php?rest_route=\/wp\/v2\/posts"}],"about":[{"href":"https:\/\/cultura.sma.gob.ar\/index.php?rest_route=\/wp\/v2\/types\/post"}],"author":[{"embeddable":true,"href":"https:\/\/cultura.sma.gob.ar\/index.php?rest_route=\/wp\/v2\/users\/1"}],"replies":[{"embeddable":true,"href":"https:\/\/cultura.sma.gob.ar\/index.php?rest_route=%2Fwp%2Fv2%2Fcomments&post=6141"}],"version-history":[{"count":1,"href":"https:\/\/cultura.sma.gob.ar\/index.php?rest_route=\/wp\/v2\/posts\/6141\/revisions"}],"predecessor-version":[{"id":6143,"href":"https:\/\/cultura.sma.gob.ar\/index.php?rest_route=\/wp\/v2\/posts\/6141\/revisions\/6143"}],"wp:featuredmedia":[{"embeddable":true,"href":"https:\/\/cultura.sma.gob.ar\/index.php?rest_route=\/wp\/v2\/media\/292"}],"wp:attachment":[{"href":"https:\/\/cultura.sma.gob.ar\/index.php?rest_route=%2Fwp%2Fv2%2Fmedia&parent=6141"}],"wp:term":[{"taxonomy":"category","embeddable":true,"href":"https:\/\/cultura.sma.gob.ar\/index.php?rest_route=%2Fwp%2Fv2%2Fcategories&post=6141"},{"taxonomy":"post_tag","embeddable":true,"href":"https:\/\/cultura.sma.gob.ar\/index.php?rest_route=%2Fwp%2Fv2%2Ftags&post=6141"}],"curies":[{"name":"wp","href":"https:\/\/api.w.org\/{rel}","templated":true}]}}