{"id":613,"date":"2020-11-05T00:15:56","date_gmt":"2020-11-05T03:15:56","guid":{"rendered":"http:\/\/cultura.sma.gob.ar\/?p=613"},"modified":"2020-11-05T09:07:55","modified_gmt":"2020-11-05T12:07:55","slug":"cristian-gorbea-14-feria-regional-del-libro","status":"publish","type":"post","link":"https:\/\/cultura.sma.gob.ar\/?p=613","title":{"rendered":"Cristian Gorbea | 14\u00b0 Feria Regional del Libro"},"content":{"rendered":"\n<figure class=\"wp-block-image size-large\"><img loading=\"lazy\" decoding=\"async\" width=\"783\" height=\"785\" src=\"http:\/\/cultura.sma.gob.ar\/wp-content\/uploads\/2020\/11\/CRIS-GORBEA.png\" alt=\"\" class=\"wp-image-628\" srcset=\"https:\/\/cultura.sma.gob.ar\/wp-content\/uploads\/2020\/11\/CRIS-GORBEA.png 783w, https:\/\/cultura.sma.gob.ar\/wp-content\/uploads\/2020\/11\/CRIS-GORBEA-300x300.png 300w, https:\/\/cultura.sma.gob.ar\/wp-content\/uploads\/2020\/11\/CRIS-GORBEA-150x150.png 150w, https:\/\/cultura.sma.gob.ar\/wp-content\/uploads\/2020\/11\/CRIS-GORBEA-768x770.png 768w, https:\/\/cultura.sma.gob.ar\/wp-content\/uploads\/2020\/11\/CRIS-GORBEA-90x90.png 90w\" sizes=\"auto, (max-width: 783px) 100vw, 783px\" \/><\/figure>\n\n\n\n<p>Por <strong>Biblioteca Popular 9 de Julio<\/strong><\/p>\n\n\n\n<ul class=\"wp-block-list\"><li>Lunes 9 &#8211; 19:30hs &#8211; Presentaci\u00f3n v\u00eda Zoom<\/li><\/ul>\n\n\n\n<p>\u201cBipolar\u201d es una cr\u00f3nica de las dos carreras m\u00e1s fr\u00edas del planeta. Relata dos viajes extraordinarios: al Polo Sur y al Polo Norte. \u00bfEl prop\u00f3sito? Correr bajo cero. \u00bfC\u00f3mo entrenarse en el calor de Buenos Aires? \u00bfQu\u00e9 ropa llevar? \u00bfC\u00f3mo enfrentarse a lo imprevisto? \u201cBipolar\u201d invita a reflexionar sobre ese otro significado que podemos darle a la palabra locura: la de so\u00f1ar lejos y volver para contarlo.&nbsp;<\/p>\n\n\n\n<p><strong>Cristian Gorbe<\/strong>a es psic\u00f3logo, coach y corredor aficionado. En 2017 escribi\u00f3 \u201cUn sendero equivocado\u201d.<\/p>\n","protected":false},"excerpt":{"rendered":"<p>Presentaci\u00f3n virtual <a href=\"https:\/\/cultura.sma.gob.ar\/?p=613\" class=\"more-link\">Continue reading <span class=\"screen-reader-text\">Cristian Gorbea | 14\u00b0 Feria Regional del Libro<\/span><\/a><\/p>\n","protected":false},"author":1,"featured_media":296,"comment_status":"closed","ping_status":"","sticky":false,"template":"","format":"image","meta":{"footnotes":""},"categories":[3,9],"tags":[],"class_list":["post-613","post","type-post","status-publish","format-image","has-post-thumbnail","hentry","category-eventos-cultura","category-ultimas-noticias","post_format-post-format-image"],"_links":{"self":[{"href":"https:\/\/cultura.sma.gob.ar\/index.php?rest_route=\/wp\/v2\/posts\/613","targetHints":{"allow":["GET"]}}],"collection":[{"href":"https:\/\/cultura.sma.gob.ar\/index.php?rest_route=\/wp\/v2\/posts"}],"about":[{"href":"https:\/\/cultura.sma.gob.ar\/index.php?rest_route=\/wp\/v2\/types\/post"}],"author":[{"embeddable":true,"href":"https:\/\/cultura.sma.gob.ar\/index.php?rest_route=\/wp\/v2\/users\/1"}],"replies":[{"embeddable":true,"href":"https:\/\/cultura.sma.gob.ar\/index.php?rest_route=%2Fwp%2Fv2%2Fcomments&post=613"}],"version-history":[{"count":2,"href":"https:\/\/cultura.sma.gob.ar\/index.php?rest_route=\/wp\/v2\/posts\/613\/revisions"}],"predecessor-version":[{"id":629,"href":"https:\/\/cultura.sma.gob.ar\/index.php?rest_route=\/wp\/v2\/posts\/613\/revisions\/629"}],"wp:featuredmedia":[{"embeddable":true,"href":"https:\/\/cultura.sma.gob.ar\/index.php?rest_route=\/wp\/v2\/media\/296"}],"wp:attachment":[{"href":"https:\/\/cultura.sma.gob.ar\/index.php?rest_route=%2Fwp%2Fv2%2Fmedia&parent=613"}],"wp:term":[{"taxonomy":"category","embeddable":true,"href":"https:\/\/cultura.sma.gob.ar\/index.php?rest_route=%2Fwp%2Fv2%2Fcategories&post=613"},{"taxonomy":"post_tag","embeddable":true,"href":"https:\/\/cultura.sma.gob.ar\/index.php?rest_route=%2Fwp%2Fv2%2Ftags&post=613"}],"curies":[{"name":"wp","href":"https:\/\/api.w.org\/{rel}","templated":true}]}}