{"id":6129,"date":"2024-10-10T15:10:28","date_gmt":"2024-10-10T18:10:28","guid":{"rendered":"http:\/\/cultura.sma.gob.ar\/?p=6129"},"modified":"2024-10-10T15:10:28","modified_gmt":"2024-10-10T18:10:28","slug":"cortazar-fantastico-exposicion-itinerante-en-la-sala-chapitel","status":"publish","type":"post","link":"https:\/\/cultura.sma.gob.ar\/?p=6129","title":{"rendered":"&#8220;Cort\u00e1zar fant\u00e1stico&#8221;: exposici\u00f3n itinerante en la Sala Chapitel"},"content":{"rendered":"\n<figure class=\"wp-block-image size-large\"><img loading=\"lazy\" decoding=\"async\" width=\"819\" height=\"1024\" src=\"https:\/\/cultura.sma.gob.ar\/wp-content\/uploads\/2024\/10\/SMA-LC0036-Expo-Cortazar-RRSS_4x5-819x1024.jpg\" alt=\"\" class=\"wp-image-6130\" srcset=\"https:\/\/cultura.sma.gob.ar\/wp-content\/uploads\/2024\/10\/SMA-LC0036-Expo-Cortazar-RRSS_4x5-819x1024.jpg 819w, https:\/\/cultura.sma.gob.ar\/wp-content\/uploads\/2024\/10\/SMA-LC0036-Expo-Cortazar-RRSS_4x5-240x300.jpg 240w, https:\/\/cultura.sma.gob.ar\/wp-content\/uploads\/2024\/10\/SMA-LC0036-Expo-Cortazar-RRSS_4x5-768x960.jpg 768w, https:\/\/cultura.sma.gob.ar\/wp-content\/uploads\/2024\/10\/SMA-LC0036-Expo-Cortazar-RRSS_4x5-1229x1536.jpg 1229w, https:\/\/cultura.sma.gob.ar\/wp-content\/uploads\/2024\/10\/SMA-LC0036-Expo-Cortazar-RRSS_4x5-1639x2048.jpg 1639w, https:\/\/cultura.sma.gob.ar\/wp-content\/uploads\/2024\/10\/SMA-LC0036-Expo-Cortazar-RRSS_4x5-72x90.jpg 72w, https:\/\/cultura.sma.gob.ar\/wp-content\/uploads\/2024\/10\/SMA-LC0036-Expo-Cortazar-RRSS_4x5-scaled.jpg 2048w\" sizes=\"auto, (max-width: 819px) 100vw, 819px\" \/><\/figure>\n\n\n\n<p>La Biblioteca del Congreso de la Naci\u00f3n presenta\u00a0<a><em>Cort\u00e1zar fant\u00e1stico<\/em><\/a>, exposici\u00f3n itinerante en homenaje al escritor a 40 a\u00f1os de su fallecimiento. En el marco de la 18\u00b0 Feria Regional del Libro, la muestra estar\u00e1 expuesta en la Sala Lidaura Chapitel, desde el 11 y hasta el 25 de octubre, con entrada libre y gratuita.<\/p>\n\n\n\n<p>Esta muestra presenta una selecci\u00f3n de ilustraciones de la Asociaci\u00f3n de Dibujantes Argentinos (ADA), realizadas exclusivamente para la muestra sobre el escritor expuesta en la BCN, en base a relatos del autor desde una perspectiva fant\u00e1stica y po\u00e9tica.<\/p>\n\n\n\n<p>Julio Cort\u00e1zar (Bruselas, 1914 &#8211; Par\u00eds, 1984) es un escritor que siempre ha hecho montajes desde su literatura. Siguiendo las recetas del surrealismo y a trav\u00e9s de su observaci\u00f3n del mundo, mezcla, corta, pega, sue\u00f1a, suelta y abre mundos nuevos.<\/p>\n\n\n\n<p>Un d\u00eda, estando de visita en Italia con Aurora Bern\u00e1rdez, su primera esposa, se encontr\u00f3 con un \u201cmanual de instrucciones\u201d para subir una determinada escalera. A partir de ese momento, propondr\u00e1 una nueva mirada de la cotidianeidad a partir de m\u00faltiples instrucciones que pretenden deshacerse de ciertas convenciones establecidas.<\/p>\n\n\n\n<p>\u201c<em>Detestaba la palabra casualidad. Los encuentros para Cort\u00e1zar siempre eran citas<\/em>\u201d, dec\u00eda su gran amiga, la escritora Cristina Peri Rossi.<\/p>\n\n\n\n<p>Hoy es el momento para una cita con Julio Cort\u00e1zar.<\/p>\n\n\n\n<p><\/p>\n","protected":false},"excerpt":{"rendered":"<p>La Biblioteca del Congreso de la Naci\u00f3n presenta\u00a0Cort\u00e1zar fant\u00e1stico, exposici\u00f3n itinerante en homenaje al escritor a 40 a\u00f1os de su fallecimiento. En el marco de la 18\u00b0 Feria Regional del Libro, la muestra estar\u00e1 expuesta en la Sala Lidaura Chapitel, desde el 11 y hasta el 25 de octubre, con entrada libre y gratuita. Esta muestra presenta una selecci\u00f3n de ilustraciones de la Asociaci\u00f3n de &hellip; <a href=\"https:\/\/cultura.sma.gob.ar\/?p=6129\" class=\"more-link\">Continue reading <span class=\"screen-reader-text\">&#8220;Cort\u00e1zar fant\u00e1stico&#8221;: exposici\u00f3n itinerante en la Sala Chapitel<\/span><\/a><\/p>\n","protected":false},"author":1,"featured_media":295,"comment_status":"closed","ping_status":"","sticky":false,"template":"","format":"image","meta":{"footnotes":""},"categories":[6,9],"tags":[],"class_list":["post-6129","post","type-post","status-publish","format-image","has-post-thumbnail","hentry","category-sala-lidaura-chapitel","category-ultimas-noticias","post_format-post-format-image"],"_links":{"self":[{"href":"https:\/\/cultura.sma.gob.ar\/index.php?rest_route=\/wp\/v2\/posts\/6129","targetHints":{"allow":["GET"]}}],"collection":[{"href":"https:\/\/cultura.sma.gob.ar\/index.php?rest_route=\/wp\/v2\/posts"}],"about":[{"href":"https:\/\/cultura.sma.gob.ar\/index.php?rest_route=\/wp\/v2\/types\/post"}],"author":[{"embeddable":true,"href":"https:\/\/cultura.sma.gob.ar\/index.php?rest_route=\/wp\/v2\/users\/1"}],"replies":[{"embeddable":true,"href":"https:\/\/cultura.sma.gob.ar\/index.php?rest_route=%2Fwp%2Fv2%2Fcomments&post=6129"}],"version-history":[{"count":1,"href":"https:\/\/cultura.sma.gob.ar\/index.php?rest_route=\/wp\/v2\/posts\/6129\/revisions"}],"predecessor-version":[{"id":6131,"href":"https:\/\/cultura.sma.gob.ar\/index.php?rest_route=\/wp\/v2\/posts\/6129\/revisions\/6131"}],"wp:featuredmedia":[{"embeddable":true,"href":"https:\/\/cultura.sma.gob.ar\/index.php?rest_route=\/wp\/v2\/media\/295"}],"wp:attachment":[{"href":"https:\/\/cultura.sma.gob.ar\/index.php?rest_route=%2Fwp%2Fv2%2Fmedia&parent=6129"}],"wp:term":[{"taxonomy":"category","embeddable":true,"href":"https:\/\/cultura.sma.gob.ar\/index.php?rest_route=%2Fwp%2Fv2%2Fcategories&post=6129"},{"taxonomy":"post_tag","embeddable":true,"href":"https:\/\/cultura.sma.gob.ar\/index.php?rest_route=%2Fwp%2Fv2%2Ftags&post=6129"}],"curies":[{"name":"wp","href":"https:\/\/api.w.org\/{rel}","templated":true}]}}