{"id":6125,"date":"2024-10-09T09:42:51","date_gmt":"2024-10-09T12:42:51","guid":{"rendered":"http:\/\/cultura.sma.gob.ar\/?p=6125"},"modified":"2024-10-09T09:42:51","modified_gmt":"2024-10-09T12:42:51","slug":"vuelve-el-concurso-de-fotografia-mostranos-tu-barrio","status":"publish","type":"post","link":"https:\/\/cultura.sma.gob.ar\/?p=6125","title":{"rendered":"Vuelve el concurso de fotograf\u00eda &#8220;Mostranos tu barrio&#8221;"},"content":{"rendered":"\n<figure class=\"wp-block-image size-large\"><img loading=\"lazy\" decoding=\"async\" width=\"724\" height=\"1024\" src=\"https:\/\/cultura.sma.gob.ar\/wp-content\/uploads\/2024\/10\/061a37b2-900e-470e-a057-034a0aa4e463-724x1024.jpg\" alt=\"\" class=\"wp-image-6126\" srcset=\"https:\/\/cultura.sma.gob.ar\/wp-content\/uploads\/2024\/10\/061a37b2-900e-470e-a057-034a0aa4e463-724x1024.jpg 724w, https:\/\/cultura.sma.gob.ar\/wp-content\/uploads\/2024\/10\/061a37b2-900e-470e-a057-034a0aa4e463-212x300.jpg 212w, https:\/\/cultura.sma.gob.ar\/wp-content\/uploads\/2024\/10\/061a37b2-900e-470e-a057-034a0aa4e463-768x1086.jpg 768w, https:\/\/cultura.sma.gob.ar\/wp-content\/uploads\/2024\/10\/061a37b2-900e-470e-a057-034a0aa4e463-64x90.jpg 64w, https:\/\/cultura.sma.gob.ar\/wp-content\/uploads\/2024\/10\/061a37b2-900e-470e-a057-034a0aa4e463.jpg 842w\" sizes=\"auto, (max-width: 724px) 100vw, 724px\" \/><\/figure>\n\n\n\n<p>\u00a1Hola, vecinos y vecinas! \ud83d\udc4b Les queremos contar que ya est\u00e1 en marcha la 3\u00b0 edici\u00f3n del Concurso de Fotograf\u00eda &#8220;Mostranos tu barrio&#8221;, organizado por la Biblioteca Popular 9 de Julio. <\/p>\n\n\n\n<p> Si ten\u00e9s m\u00e1s de 16 a\u00f1os y te gusta la fotograf\u00eda, \u00a1esta es tu oportunidad! Pod\u00e9s participar enviando hasta 3 fotos de tu barrio al 2944148100 por WhatsApp. No olvides agregar tu nombre, apellido, DNI y el barrio donde sacaste las fotos.<\/p>\n\n\n\n<p>Adem\u00e1s, organizamos recorridas fotogr\u00e1ficas por distintos barrios, guiadas por fot\u00f3grafos locales. No necesit\u00e1s conocimientos previos ni inscripci\u00f3n, \u00a1solo ven\u00ed con tu celular o c\u00e1mara! <\/p>\n\n\n\n<p>\ud83d\udcc5 Pr\u00f3ximas recorridas: <\/p>\n\n\n\n<p>11\/10: Barrio Buenos Aires Chico y Maestranza \u23f0 17:00 a 18:30 hs \ud83d\udccd Lugar de encuentro: Biblioteca Popular 9 de Julio (Gral. Roca 1223) <\/p>\n\n\n\n<p>25\/10: Barrio Chacra 30 \u23f0 17:00 a 18:30 hs \ud83d\udccd Lugar de encuentro: Punto Digital (Cerro de la Virgen 1846) <\/p>\n\n\n\n<p>02\/11: Barrio Ruca Hue \u23f0 17:00 a 18:30 hs \ud83d\udccd Lugar de encuentro: Junta Vecinal de Ruca Hue (Callej\u00f3n de Creide y Quela) <\/p>\n\n\n\n<p>\ud83d\udcb8 Premios: $250.000, $150.000 y $100.000 para los tres primeros puestos. \u00a1No te lo pierdas! Para m\u00e1s informaci\u00f3n, pod\u00e9s consultar las bases y condiciones en nuestras redes sociales o por WhatsApp. \u00a1Sumate y mostranos tu barrio! \ud83d\udcf8<\/p>\n","protected":false},"excerpt":{"rendered":"<p>\u00a1Hola, vecinos y vecinas! \ud83d\udc4b Les queremos contar que ya est\u00e1 en marcha la 3\u00b0 edici\u00f3n del Concurso de Fotograf\u00eda &#8220;Mostranos tu barrio&#8221;, organizado por la Biblioteca Popular 9 de Julio. Si ten\u00e9s m\u00e1s de 16 a\u00f1os y te gusta la fotograf\u00eda, \u00a1esta es tu oportunidad! Pod\u00e9s participar enviando hasta 3 fotos de tu barrio al 2944148100 por WhatsApp. No olvides agregar tu nombre, apellido, &hellip; <a href=\"https:\/\/cultura.sma.gob.ar\/?p=6125\" class=\"more-link\">Continue reading <span class=\"screen-reader-text\">Vuelve el concurso de fotograf\u00eda &#8220;Mostranos tu barrio&#8221;<\/span><\/a><\/p>\n","protected":false},"author":1,"featured_media":297,"comment_status":"closed","ping_status":"","sticky":false,"template":"","format":"image","meta":{"footnotes":""},"categories":[2,9],"tags":[],"class_list":["post-6125","post","type-post","status-publish","format-image","has-post-thumbnail","hentry","category-ciudad-cultural","category-ultimas-noticias","post_format-post-format-image"],"_links":{"self":[{"href":"https:\/\/cultura.sma.gob.ar\/index.php?rest_route=\/wp\/v2\/posts\/6125","targetHints":{"allow":["GET"]}}],"collection":[{"href":"https:\/\/cultura.sma.gob.ar\/index.php?rest_route=\/wp\/v2\/posts"}],"about":[{"href":"https:\/\/cultura.sma.gob.ar\/index.php?rest_route=\/wp\/v2\/types\/post"}],"author":[{"embeddable":true,"href":"https:\/\/cultura.sma.gob.ar\/index.php?rest_route=\/wp\/v2\/users\/1"}],"replies":[{"embeddable":true,"href":"https:\/\/cultura.sma.gob.ar\/index.php?rest_route=%2Fwp%2Fv2%2Fcomments&post=6125"}],"version-history":[{"count":1,"href":"https:\/\/cultura.sma.gob.ar\/index.php?rest_route=\/wp\/v2\/posts\/6125\/revisions"}],"predecessor-version":[{"id":6127,"href":"https:\/\/cultura.sma.gob.ar\/index.php?rest_route=\/wp\/v2\/posts\/6125\/revisions\/6127"}],"wp:featuredmedia":[{"embeddable":true,"href":"https:\/\/cultura.sma.gob.ar\/index.php?rest_route=\/wp\/v2\/media\/297"}],"wp:attachment":[{"href":"https:\/\/cultura.sma.gob.ar\/index.php?rest_route=%2Fwp%2Fv2%2Fmedia&parent=6125"}],"wp:term":[{"taxonomy":"category","embeddable":true,"href":"https:\/\/cultura.sma.gob.ar\/index.php?rest_route=%2Fwp%2Fv2%2Fcategories&post=6125"},{"taxonomy":"post_tag","embeddable":true,"href":"https:\/\/cultura.sma.gob.ar\/index.php?rest_route=%2Fwp%2Fv2%2Ftags&post=6125"}],"curies":[{"name":"wp","href":"https:\/\/api.w.org\/{rel}","templated":true}]}}