{"id":6121,"date":"2024-10-07T14:51:32","date_gmt":"2024-10-07T17:51:32","guid":{"rendered":"http:\/\/cultura.sma.gob.ar\/?p=6121"},"modified":"2024-10-07T14:51:32","modified_gmt":"2024-10-07T17:51:32","slug":"charla-heroinas-anonimas-de-historias-ignoradas-bp-4-de-febrero","status":"publish","type":"post","link":"https:\/\/cultura.sma.gob.ar\/?p=6121","title":{"rendered":"Charla: &#8220;Hero\u00ednas an\u00f3nimas de historias ignoradas&#8221; &#8211; BP 4 de febrero"},"content":{"rendered":"\n<figure class=\"wp-block-image size-large\"><img loading=\"lazy\" decoding=\"async\" width=\"1024\" height=\"1024\" src=\"https:\/\/cultura.sma.gob.ar\/wp-content\/uploads\/2024\/10\/WhatsApp-Image-2024-10-07-at-1.40.22-PM-1024x1024.jpeg\" alt=\"\" class=\"wp-image-6122\" srcset=\"https:\/\/cultura.sma.gob.ar\/wp-content\/uploads\/2024\/10\/WhatsApp-Image-2024-10-07-at-1.40.22-PM-1024x1024.jpeg 1024w, https:\/\/cultura.sma.gob.ar\/wp-content\/uploads\/2024\/10\/WhatsApp-Image-2024-10-07-at-1.40.22-PM-300x300.jpeg 300w, https:\/\/cultura.sma.gob.ar\/wp-content\/uploads\/2024\/10\/WhatsApp-Image-2024-10-07-at-1.40.22-PM-150x150.jpeg 150w, https:\/\/cultura.sma.gob.ar\/wp-content\/uploads\/2024\/10\/WhatsApp-Image-2024-10-07-at-1.40.22-PM-768x768.jpeg 768w, https:\/\/cultura.sma.gob.ar\/wp-content\/uploads\/2024\/10\/WhatsApp-Image-2024-10-07-at-1.40.22-PM-90x90.jpeg 90w, https:\/\/cultura.sma.gob.ar\/wp-content\/uploads\/2024\/10\/WhatsApp-Image-2024-10-07-at-1.40.22-PM.jpeg 1080w\" sizes=\"auto, (max-width: 1024px) 100vw, 1024px\" \/><\/figure>\n\n\n\n<p>Cada 12 de octubre hacemos memoria para contar las historias menos contadas.<br>Invitamos para dar puntapi\u00e9 a la charla al Doctor en Historia, Pablo D. Arias para que nos presenta su investigaci\u00f3n sobre los repartos de personas durante el siglo XIX a trav\u00e9s de historias de vida de infancias y mujeres de pueblos originarios de la Argentina. Luego compartiremos el micr\u00f3fono para conversar y reflexionar juntos.<br>El libro que contiene toda la investigaci\u00f3n hoy es parte del acervo de la Biblioteca Nacional Mariano Moreno.<\/p>\n\n\n\n<p><strong>Te esperamos en la Biblioteca Popular 4 de febrero, el viernes 11 de octubre, a las 19 hs.<\/strong><\/p>\n","protected":false},"excerpt":{"rendered":"<p>Cada 12 de octubre hacemos memoria para contar las historias menos contadas.Invitamos para dar puntapi\u00e9 a la charla al Doctor en Historia, Pablo D. Arias para que nos presenta su investigaci\u00f3n sobre los repartos de personas durante el siglo XIX a trav\u00e9s de historias de vida de infancias y mujeres de pueblos originarios de la Argentina. Luego compartiremos el micr\u00f3fono para conversar y reflexionar juntos.El &hellip; <a href=\"https:\/\/cultura.sma.gob.ar\/?p=6121\" class=\"more-link\">Continue reading <span class=\"screen-reader-text\">Charla: &#8220;Hero\u00ednas an\u00f3nimas de historias ignoradas&#8221; &#8211; BP 4 de febrero<\/span><\/a><\/p>\n","protected":false},"author":1,"featured_media":297,"comment_status":"closed","ping_status":"","sticky":false,"template":"","format":"image","meta":{"footnotes":""},"categories":[2,9],"tags":[],"class_list":["post-6121","post","type-post","status-publish","format-image","has-post-thumbnail","hentry","category-ciudad-cultural","category-ultimas-noticias","post_format-post-format-image"],"_links":{"self":[{"href":"https:\/\/cultura.sma.gob.ar\/index.php?rest_route=\/wp\/v2\/posts\/6121","targetHints":{"allow":["GET"]}}],"collection":[{"href":"https:\/\/cultura.sma.gob.ar\/index.php?rest_route=\/wp\/v2\/posts"}],"about":[{"href":"https:\/\/cultura.sma.gob.ar\/index.php?rest_route=\/wp\/v2\/types\/post"}],"author":[{"embeddable":true,"href":"https:\/\/cultura.sma.gob.ar\/index.php?rest_route=\/wp\/v2\/users\/1"}],"replies":[{"embeddable":true,"href":"https:\/\/cultura.sma.gob.ar\/index.php?rest_route=%2Fwp%2Fv2%2Fcomments&post=6121"}],"version-history":[{"count":1,"href":"https:\/\/cultura.sma.gob.ar\/index.php?rest_route=\/wp\/v2\/posts\/6121\/revisions"}],"predecessor-version":[{"id":6123,"href":"https:\/\/cultura.sma.gob.ar\/index.php?rest_route=\/wp\/v2\/posts\/6121\/revisions\/6123"}],"wp:featuredmedia":[{"embeddable":true,"href":"https:\/\/cultura.sma.gob.ar\/index.php?rest_route=\/wp\/v2\/media\/297"}],"wp:attachment":[{"href":"https:\/\/cultura.sma.gob.ar\/index.php?rest_route=%2Fwp%2Fv2%2Fmedia&parent=6121"}],"wp:term":[{"taxonomy":"category","embeddable":true,"href":"https:\/\/cultura.sma.gob.ar\/index.php?rest_route=%2Fwp%2Fv2%2Fcategories&post=6121"},{"taxonomy":"post_tag","embeddable":true,"href":"https:\/\/cultura.sma.gob.ar\/index.php?rest_route=%2Fwp%2Fv2%2Ftags&post=6121"}],"curies":[{"name":"wp","href":"https:\/\/api.w.org\/{rel}","templated":true}]}}