{"id":6113,"date":"2024-10-03T16:52:32","date_gmt":"2024-10-03T19:52:32","guid":{"rendered":"http:\/\/cultura.sma.gob.ar\/?p=6113"},"modified":"2024-10-03T16:52:32","modified_gmt":"2024-10-03T19:52:32","slug":"seminario-cuerpo-voz-escritura","status":"publish","type":"post","link":"https:\/\/cultura.sma.gob.ar\/?p=6113","title":{"rendered":"Seminario: &#8220;cuerpo, voz, escritura&#8221;"},"content":{"rendered":"\n<figure class=\"wp-block-image size-large\"><img loading=\"lazy\" decoding=\"async\" width=\"1024\" height=\"1024\" src=\"https:\/\/cultura.sma.gob.ar\/wp-content\/uploads\/2024\/10\/WhatsApp-Image-2024-10-03-at-15.54.25-1024x1024.jpeg\" alt=\"\" class=\"wp-image-6114\" srcset=\"https:\/\/cultura.sma.gob.ar\/wp-content\/uploads\/2024\/10\/WhatsApp-Image-2024-10-03-at-15.54.25-1024x1024.jpeg 1024w, https:\/\/cultura.sma.gob.ar\/wp-content\/uploads\/2024\/10\/WhatsApp-Image-2024-10-03-at-15.54.25-300x300.jpeg 300w, https:\/\/cultura.sma.gob.ar\/wp-content\/uploads\/2024\/10\/WhatsApp-Image-2024-10-03-at-15.54.25-150x150.jpeg 150w, https:\/\/cultura.sma.gob.ar\/wp-content\/uploads\/2024\/10\/WhatsApp-Image-2024-10-03-at-15.54.25-768x768.jpeg 768w, https:\/\/cultura.sma.gob.ar\/wp-content\/uploads\/2024\/10\/WhatsApp-Image-2024-10-03-at-15.54.25-90x90.jpeg 90w, https:\/\/cultura.sma.gob.ar\/wp-content\/uploads\/2024\/10\/WhatsApp-Image-2024-10-03-at-15.54.25.jpeg 1080w\" sizes=\"auto, (max-width: 1024px) 100vw, 1024px\" \/><\/figure>\n\n\n\n<p>CUERPO\/VOZ\/ESCRITURA\u00a0\ufe0e;<br>\u00a0\/\/Exploraci\u00f3n sensible desde la improvisaci\u00f3n \/\/<br>Una exploraci\u00f3n l\u00fadica y sensitiva de la propia estructura \u00f3sea y sus resonancias en la voz , como extensi\u00f3n del cuerpo.La descomposici\u00f3n de \u00a0lo cotidiano , a trav\u00e9s de un viaje hacia la profundidad del esqueleto, expandiendo los umbrales de una cartograf\u00eda de la voz ( singular, bestial, respirada).\u00a0La palabra como tajo que enlaza los mundos : escritura entre el cuerpo y la voz- entre la voz y la escritura.<br>Nos aproximaremos a un montaje \u00a0que continuar\u00e1 su profundizaci\u00f3n el pr\u00f3ximo mes.\u00a0<br>Gu\u00edan la experiencia:Nadia Moncada y Carolina Kostoff<br>Valor : $ 20 000<\/p>\n","protected":false},"excerpt":{"rendered":"<p>CUERPO\/VOZ\/ESCRITURA\u00a0\ufe0e;\u00a0\/\/Exploraci\u00f3n sensible desde la improvisaci\u00f3n \/\/Una exploraci\u00f3n l\u00fadica y sensitiva de la propia estructura \u00f3sea y sus resonancias en la voz , como extensi\u00f3n del cuerpo.La descomposici\u00f3n de \u00a0lo cotidiano , a trav\u00e9s de un viaje hacia la profundidad del esqueleto, expandiendo los umbrales de una cartograf\u00eda de la voz ( singular, bestial, respirada).\u00a0La palabra como tajo que enlaza los mundos : escritura entre el &hellip; <a href=\"https:\/\/cultura.sma.gob.ar\/?p=6113\" class=\"more-link\">Continue reading <span class=\"screen-reader-text\">Seminario: &#8220;cuerpo, voz, escritura&#8221;<\/span><\/a><\/p>\n","protected":false},"author":1,"featured_media":292,"comment_status":"closed","ping_status":"","sticky":false,"template":"","format":"image","meta":{"footnotes":""},"categories":[8,9],"tags":[],"class_list":["post-6113","post","type-post","status-publish","format-image","has-post-thumbnail","hentry","category-teatro-san-jose","category-ultimas-noticias","post_format-post-format-image"],"_links":{"self":[{"href":"https:\/\/cultura.sma.gob.ar\/index.php?rest_route=\/wp\/v2\/posts\/6113","targetHints":{"allow":["GET"]}}],"collection":[{"href":"https:\/\/cultura.sma.gob.ar\/index.php?rest_route=\/wp\/v2\/posts"}],"about":[{"href":"https:\/\/cultura.sma.gob.ar\/index.php?rest_route=\/wp\/v2\/types\/post"}],"author":[{"embeddable":true,"href":"https:\/\/cultura.sma.gob.ar\/index.php?rest_route=\/wp\/v2\/users\/1"}],"replies":[{"embeddable":true,"href":"https:\/\/cultura.sma.gob.ar\/index.php?rest_route=%2Fwp%2Fv2%2Fcomments&post=6113"}],"version-history":[{"count":1,"href":"https:\/\/cultura.sma.gob.ar\/index.php?rest_route=\/wp\/v2\/posts\/6113\/revisions"}],"predecessor-version":[{"id":6115,"href":"https:\/\/cultura.sma.gob.ar\/index.php?rest_route=\/wp\/v2\/posts\/6113\/revisions\/6115"}],"wp:featuredmedia":[{"embeddable":true,"href":"https:\/\/cultura.sma.gob.ar\/index.php?rest_route=\/wp\/v2\/media\/292"}],"wp:attachment":[{"href":"https:\/\/cultura.sma.gob.ar\/index.php?rest_route=%2Fwp%2Fv2%2Fmedia&parent=6113"}],"wp:term":[{"taxonomy":"category","embeddable":true,"href":"https:\/\/cultura.sma.gob.ar\/index.php?rest_route=%2Fwp%2Fv2%2Fcategories&post=6113"},{"taxonomy":"post_tag","embeddable":true,"href":"https:\/\/cultura.sma.gob.ar\/index.php?rest_route=%2Fwp%2Fv2%2Ftags&post=6113"}],"curies":[{"name":"wp","href":"https:\/\/api.w.org\/{rel}","templated":true}]}}