{"id":6107,"date":"2024-10-03T12:47:35","date_gmt":"2024-10-03T15:47:35","guid":{"rendered":"http:\/\/cultura.sma.gob.ar\/?p=6107"},"modified":"2024-10-04T11:08:08","modified_gmt":"2024-10-04T14:08:08","slug":"se-viene-la-18-feria-regional-del-libro-programa-completo","status":"publish","type":"post","link":"https:\/\/cultura.sma.gob.ar\/?p=6107","title":{"rendered":"Se viene la 18\u00b0 Feria Regional del Libro: programa completo"},"content":{"rendered":"\n<p>Entre el 12  y el 19 de octubre, bajo el lema \u201cLibros, territorio de libertad\u201d, se desarrollar\u00e1 en San Mart\u00edn de los Andes una nueva edici\u00f3n de la Feria Regional del Libro. Habr\u00e1 m\u00e1s de 100 actividades, entre presentaciones de libros, conversatorios y talleres. Todas las actividades de la 18\u00b0 Feria Regional del Libro ser\u00e1n libres y gratuitas.<\/p>\n\n\n\n<figure class=\"wp-block-image size-large\"><img loading=\"lazy\" decoding=\"async\" width=\"819\" height=\"1024\" src=\"http:\/\/cultura.sma.gob.ar\/wp-content\/uploads\/2024\/10\/SMA-GE0018-Feria-del-Libro-2024-RRSS_4x5-1-819x1024.jpg\" alt=\"\" class=\"wp-image-6117\" srcset=\"https:\/\/cultura.sma.gob.ar\/wp-content\/uploads\/2024\/10\/SMA-GE0018-Feria-del-Libro-2024-RRSS_4x5-1-819x1024.jpg 819w, https:\/\/cultura.sma.gob.ar\/wp-content\/uploads\/2024\/10\/SMA-GE0018-Feria-del-Libro-2024-RRSS_4x5-1-240x300.jpg 240w, https:\/\/cultura.sma.gob.ar\/wp-content\/uploads\/2024\/10\/SMA-GE0018-Feria-del-Libro-2024-RRSS_4x5-1-768x960.jpg 768w, https:\/\/cultura.sma.gob.ar\/wp-content\/uploads\/2024\/10\/SMA-GE0018-Feria-del-Libro-2024-RRSS_4x5-1-1229x1536.jpg 1229w, https:\/\/cultura.sma.gob.ar\/wp-content\/uploads\/2024\/10\/SMA-GE0018-Feria-del-Libro-2024-RRSS_4x5-1-1639x2048.jpg 1639w, https:\/\/cultura.sma.gob.ar\/wp-content\/uploads\/2024\/10\/SMA-GE0018-Feria-del-Libro-2024-RRSS_4x5-1-72x90.jpg 72w, https:\/\/cultura.sma.gob.ar\/wp-content\/uploads\/2024\/10\/SMA-GE0018-Feria-del-Libro-2024-RRSS_4x5-1-scaled.jpg 2048w\" sizes=\"auto, (max-width: 819px) 100vw, 819px\" \/><\/figure>\n\n\n\n<p>En la carpa emplazada sobre calle Drury, habr\u00e1 m\u00e1s de 25 stands de venta y exposici\u00f3n de libros. Mientras tanto, en el auditorio contiguo, que funcionar\u00e1 en la Sala Chapitel, se podr\u00e1 disfrutar de presentaciones y charlas con escritores y escritoras del \u00e1mbito nacional y regional, como el historietista Chanti, Victoria Resco, Pablo Bernasconi, Jorge Spindola, Sergio Morresi, Daniela Catrileo, la ilustradora Marina Hernalz, M\u00f3nica Torres de Curth, Anah\u00ed Rayen Marilu\u00e1n y Luisa Peluffo, entre otros.<\/p>\n\n\n\n<p>Sumado a todo esto, habr\u00e1 actividades anexas en diferentes locaciones (bibliotecas, escuelas, Espacio Trama, Centro de visitantes del PNL, Teatro San Jos\u00e9, entre otros). Algunos de los talleres requieren inscripci\u00f3n previa, conforme se indica en el programa.<\/p>\n\n\n\n<p>Como si esto fuera poco, en la Sala Lidaura Chapitel se expondr\u00e1 la muestra &#8220;Cort\u00e1zar Fant\u00e1stico&#8221;, una exposici\u00f3n producida por la Biblioteca del Congreso de la Naci\u00f3n, a 40 a\u00f1os del fallecimiento del escritor.<\/p>\n\n\n\n<p><a href=\"https:\/\/drive.google.com\/drive\/u\/0\/folders\/1gVgO9_koZkZy701b7Dla6UnGhtNhBkkj\">Pod\u00e9s descargar el programa completo con todas las actividades d\u00eda por d\u00eda ac\u00e1.<\/a><\/p>\n\n\n\n<p>La organizaci\u00f3n est\u00e1 a cargo de la Secretar\u00eda de Cultura municipal y una Comisi\u00f3n integrada por Biblioteca Popular Ruca Trabun, Biblioteca Popular 9 de Julio, Biblioteca del Parque Nacional Lanin, Biblioteca del AUSMA Mario Gentilli,  ISFD N\u00b03, Centro Editor Municipal, Editorial y librer\u00eda La Grieta, Editorial y librer\u00eda Patalibro, Mythos Libros, ATEN, Editorial La Punta del Ovillo, Ediciones Orcalumis, Tintal Artes gr\u00e1ficas, Editorial Las Guachas y una representante de las escritoras y escritores locales. Para su realizaci\u00f3n cuenta con el apoyo de la Legislatura de la Provincia del Neuqu\u00e9n y el Complejo Casa de las Leyes<\/p>\n","protected":false},"excerpt":{"rendered":"<p>Entre el 12 y el 19 de octubre, bajo el lema \u201cLibros, territorio de libertad\u201d, se desarrollar\u00e1 en San Mart\u00edn de los Andes una nueva edici\u00f3n de la Feria Regional del Libro. Habr\u00e1 m\u00e1s de 100 actividades, entre presentaciones de libros, conversatorios y talleres. Todas las actividades de la 18\u00b0 Feria Regional del Libro ser\u00e1n libres y gratuitas. En la carpa emplazada sobre calle Drury, &hellip; <a href=\"https:\/\/cultura.sma.gob.ar\/?p=6107\" class=\"more-link\">Continue reading <span class=\"screen-reader-text\">Se viene la 18\u00b0 Feria Regional del Libro: programa completo<\/span><\/a><\/p>\n","protected":false},"author":1,"featured_media":296,"comment_status":"closed","ping_status":"","sticky":false,"template":"","format":"image","meta":{"footnotes":""},"categories":[3,9],"tags":[],"class_list":["post-6107","post","type-post","status-publish","format-image","has-post-thumbnail","hentry","category-eventos-cultura","category-ultimas-noticias","post_format-post-format-image"],"_links":{"self":[{"href":"https:\/\/cultura.sma.gob.ar\/index.php?rest_route=\/wp\/v2\/posts\/6107","targetHints":{"allow":["GET"]}}],"collection":[{"href":"https:\/\/cultura.sma.gob.ar\/index.php?rest_route=\/wp\/v2\/posts"}],"about":[{"href":"https:\/\/cultura.sma.gob.ar\/index.php?rest_route=\/wp\/v2\/types\/post"}],"author":[{"embeddable":true,"href":"https:\/\/cultura.sma.gob.ar\/index.php?rest_route=\/wp\/v2\/users\/1"}],"replies":[{"embeddable":true,"href":"https:\/\/cultura.sma.gob.ar\/index.php?rest_route=%2Fwp%2Fv2%2Fcomments&post=6107"}],"version-history":[{"count":4,"href":"https:\/\/cultura.sma.gob.ar\/index.php?rest_route=\/wp\/v2\/posts\/6107\/revisions"}],"predecessor-version":[{"id":6119,"href":"https:\/\/cultura.sma.gob.ar\/index.php?rest_route=\/wp\/v2\/posts\/6107\/revisions\/6119"}],"wp:featuredmedia":[{"embeddable":true,"href":"https:\/\/cultura.sma.gob.ar\/index.php?rest_route=\/wp\/v2\/media\/296"}],"wp:attachment":[{"href":"https:\/\/cultura.sma.gob.ar\/index.php?rest_route=%2Fwp%2Fv2%2Fmedia&parent=6107"}],"wp:term":[{"taxonomy":"category","embeddable":true,"href":"https:\/\/cultura.sma.gob.ar\/index.php?rest_route=%2Fwp%2Fv2%2Fcategories&post=6107"},{"taxonomy":"post_tag","embeddable":true,"href":"https:\/\/cultura.sma.gob.ar\/index.php?rest_route=%2Fwp%2Fv2%2Ftags&post=6107"}],"curies":[{"name":"wp","href":"https:\/\/api.w.org\/{rel}","templated":true}]}}