{"id":610,"date":"2020-11-05T00:11:30","date_gmt":"2020-11-05T03:11:30","guid":{"rendered":"http:\/\/cultura.sma.gob.ar\/?p=610"},"modified":"2020-11-05T00:11:30","modified_gmt":"2020-11-05T03:11:30","slug":"cristina-venturini-14-feria-regional-del-libro","status":"publish","type":"post","link":"https:\/\/cultura.sma.gob.ar\/?p=610","title":{"rendered":"Cristina Venturini | 14\u00b0 Feria Regional del Libro"},"content":{"rendered":"\n<figure class=\"wp-block-image size-large\"><img loading=\"lazy\" decoding=\"async\" width=\"777\" height=\"781\" src=\"http:\/\/cultura.sma.gob.ar\/wp-content\/uploads\/2020\/11\/CRISTINA-VENTURINI.png\" alt=\"\" class=\"wp-image-611\" srcset=\"https:\/\/cultura.sma.gob.ar\/wp-content\/uploads\/2020\/11\/CRISTINA-VENTURINI.png 777w, https:\/\/cultura.sma.gob.ar\/wp-content\/uploads\/2020\/11\/CRISTINA-VENTURINI-298x300.png 298w, https:\/\/cultura.sma.gob.ar\/wp-content\/uploads\/2020\/11\/CRISTINA-VENTURINI-150x150.png 150w, https:\/\/cultura.sma.gob.ar\/wp-content\/uploads\/2020\/11\/CRISTINA-VENTURINI-768x772.png 768w, https:\/\/cultura.sma.gob.ar\/wp-content\/uploads\/2020\/11\/CRISTINA-VENTURINI-90x90.png 90w\" sizes=\"auto, (max-width: 777px) 100vw, 777px\" \/><\/figure>\n\n\n\n<p>Por <strong>Secretar\u00eda de Cultura<\/strong><\/p>\n\n\n\n<ul class=\"wp-block-list\"><li>S\u00e1bado 14 &#8211; 16:30hs &#8211; Presentaci\u00f3n v\u00eda Zoom<\/li><\/ul>\n\n\n\n<p><strong>Cristina Venturini<\/strong> fue una de las dos escritoras homenajeadas por la 13\u00aa Feria Regional del Libro de San Mart\u00edn de los Andes. Nacida en la Provincia de Entre R\u00edos, reside en San Mart\u00edn de los Andes desde 1997. Public\u00f3 \u201cLa voz del viento\u201d (1991), \u201cTrinos elementales\u201d (1995), \u201cPoemas consubstanciales\u201d (2007), junto con Lionel Rivas Fabbri), \u201cLa luz en el nogal\u201d (2010), \u201cJaguar de abril\u201d\u00a0(2013), \u201cOrcalumis\u201d (2015) y, recientemente, \u201cZapallo\u2026\u201d y \u201cEl perfume de las cosas\u201d.\u00a0<\/p>\n\n\n\n<p>Recibi\u00f3 varias distinciones, entre ellas el primer premio del Concurso Interamericano de Poes\u00eda 2007, de Fundaci\u00f3n Avon para la Mujer.<\/p>\n","protected":false},"excerpt":{"rendered":"<p>Presentaci\u00f3n virtual <a href=\"https:\/\/cultura.sma.gob.ar\/?p=610\" class=\"more-link\">Continue reading <span class=\"screen-reader-text\">Cristina Venturini | 14\u00b0 Feria Regional del Libro<\/span><\/a><\/p>\n","protected":false},"author":1,"featured_media":296,"comment_status":"closed","ping_status":"","sticky":false,"template":"","format":"image","meta":{"footnotes":""},"categories":[3,9],"tags":[],"class_list":["post-610","post","type-post","status-publish","format-image","has-post-thumbnail","hentry","category-eventos-cultura","category-ultimas-noticias","post_format-post-format-image"],"_links":{"self":[{"href":"https:\/\/cultura.sma.gob.ar\/index.php?rest_route=\/wp\/v2\/posts\/610","targetHints":{"allow":["GET"]}}],"collection":[{"href":"https:\/\/cultura.sma.gob.ar\/index.php?rest_route=\/wp\/v2\/posts"}],"about":[{"href":"https:\/\/cultura.sma.gob.ar\/index.php?rest_route=\/wp\/v2\/types\/post"}],"author":[{"embeddable":true,"href":"https:\/\/cultura.sma.gob.ar\/index.php?rest_route=\/wp\/v2\/users\/1"}],"replies":[{"embeddable":true,"href":"https:\/\/cultura.sma.gob.ar\/index.php?rest_route=%2Fwp%2Fv2%2Fcomments&post=610"}],"version-history":[{"count":1,"href":"https:\/\/cultura.sma.gob.ar\/index.php?rest_route=\/wp\/v2\/posts\/610\/revisions"}],"predecessor-version":[{"id":612,"href":"https:\/\/cultura.sma.gob.ar\/index.php?rest_route=\/wp\/v2\/posts\/610\/revisions\/612"}],"wp:featuredmedia":[{"embeddable":true,"href":"https:\/\/cultura.sma.gob.ar\/index.php?rest_route=\/wp\/v2\/media\/296"}],"wp:attachment":[{"href":"https:\/\/cultura.sma.gob.ar\/index.php?rest_route=%2Fwp%2Fv2%2Fmedia&parent=610"}],"wp:term":[{"taxonomy":"category","embeddable":true,"href":"https:\/\/cultura.sma.gob.ar\/index.php?rest_route=%2Fwp%2Fv2%2Fcategories&post=610"},{"taxonomy":"post_tag","embeddable":true,"href":"https:\/\/cultura.sma.gob.ar\/index.php?rest_route=%2Fwp%2Fv2%2Ftags&post=610"}],"curies":[{"name":"wp","href":"https:\/\/api.w.org\/{rel}","templated":true}]}}