{"id":6099,"date":"2024-10-01T09:36:34","date_gmt":"2024-10-01T12:36:34","guid":{"rendered":"http:\/\/cultura.sma.gob.ar\/?p=6099"},"modified":"2024-10-01T09:36:34","modified_gmt":"2024-10-01T12:36:34","slug":"cartelera-teatro-san-jose-los-reyes-tambien-en-vivo-fau-y-el-gecko-de-darwin","status":"publish","type":"post","link":"https:\/\/cultura.sma.gob.ar\/?p=6099","title":{"rendered":"Cartelera Teatro San Jos\u00e9: &#8220;Los reyes tambi\u00e9n&#8221; en vivo \u2013 Fau y el Gecko de Darwin"},"content":{"rendered":"\n<figure class=\"wp-block-image size-large\"><img loading=\"lazy\" decoding=\"async\" width=\"1024\" height=\"1024\" src=\"https:\/\/cultura.sma.gob.ar\/wp-content\/uploads\/2024\/10\/WhatsApp-Image-2024-09-30-at-14.01.13-1024x1024.jpeg\" alt=\"\" class=\"wp-image-6100\" srcset=\"https:\/\/cultura.sma.gob.ar\/wp-content\/uploads\/2024\/10\/WhatsApp-Image-2024-09-30-at-14.01.13-1024x1024.jpeg 1024w, https:\/\/cultura.sma.gob.ar\/wp-content\/uploads\/2024\/10\/WhatsApp-Image-2024-09-30-at-14.01.13-300x300.jpeg 300w, https:\/\/cultura.sma.gob.ar\/wp-content\/uploads\/2024\/10\/WhatsApp-Image-2024-09-30-at-14.01.13-150x150.jpeg 150w, https:\/\/cultura.sma.gob.ar\/wp-content\/uploads\/2024\/10\/WhatsApp-Image-2024-09-30-at-14.01.13-768x768.jpeg 768w, https:\/\/cultura.sma.gob.ar\/wp-content\/uploads\/2024\/10\/WhatsApp-Image-2024-09-30-at-14.01.13-90x90.jpeg 90w, https:\/\/cultura.sma.gob.ar\/wp-content\/uploads\/2024\/10\/WhatsApp-Image-2024-09-30-at-14.01.13.jpeg 1280w\" sizes=\"auto, (max-width: 1024px) 100vw, 1024px\" \/><\/figure>\n\n\n\n<p><strong>&#8220;Los reyes tambi\u00e9n&#8221; en vivo \u2013 Fau y el Gecko de Darwin<\/strong><\/p>\n\n\n\n<p>Fecha: Viernes 04 de Octubre\u00a0<\/p>\n\n\n\n<p>Hora: 22hs<\/p>\n\n\n\n<p>Tipo de espect\u00e1culo: Musical conceptual<\/p>\n\n\n\n<p>Duraci\u00f3n: 100 minutos<\/p>\n\n\n\n<p>Entrada anticipada: $10.000 Entrada en puerta: $13.000<\/p>\n\n\n\n<p>El primer viernes del mes de Octubre, a\u00f1o 1984, Fau y su banda (El Gecko de Darwin) se presentaron por primera vez en el m\u00edtico Teatro San Jos\u00e9 de la ciudad de San Mart\u00edn de los Andes, dando un show musical que quedar\u00eda marcado en la historia cultural Neuquina.\u2002\u2002\u2002\u2002\u2002\u2002<\/p>\n\n\n\n<p>Este show, ambientado en aquel a\u00f1o y en el mism\u00edsimo Teatro, recrea ese espect\u00e1culo que son\u00f3 por primera y \u00faltima vez, y refresc\u00f3 los o\u00eddos de la gente del pueblo que se acerc\u00f3 a escuchar algo nuevo, algo que ven\u00eda de otro lado.<\/p>\n\n\n\n<p><\/p>\n","protected":false},"excerpt":{"rendered":"<p>&#8220;Los reyes tambi\u00e9n&#8221; en vivo \u2013 Fau y el Gecko de Darwin Fecha: Viernes 04 de Octubre\u00a0 Hora: 22hs Tipo de espect\u00e1culo: Musical conceptual Duraci\u00f3n: 100 minutos Entrada anticipada: $10.000 Entrada en puerta: $13.000 El primer viernes del mes de Octubre, a\u00f1o 1984, Fau y su banda (El Gecko de Darwin) se presentaron por primera vez en el m\u00edtico Teatro San Jos\u00e9 de la ciudad &hellip; <a href=\"https:\/\/cultura.sma.gob.ar\/?p=6099\" class=\"more-link\">Continue reading <span class=\"screen-reader-text\">Cartelera Teatro San Jos\u00e9: &#8220;Los reyes tambi\u00e9n&#8221; en vivo \u2013 Fau y el Gecko de Darwin<\/span><\/a><\/p>\n","protected":false},"author":1,"featured_media":292,"comment_status":"closed","ping_status":"","sticky":false,"template":"","format":"image","meta":{"footnotes":""},"categories":[8,9],"tags":[],"class_list":["post-6099","post","type-post","status-publish","format-image","has-post-thumbnail","hentry","category-teatro-san-jose","category-ultimas-noticias","post_format-post-format-image"],"_links":{"self":[{"href":"https:\/\/cultura.sma.gob.ar\/index.php?rest_route=\/wp\/v2\/posts\/6099","targetHints":{"allow":["GET"]}}],"collection":[{"href":"https:\/\/cultura.sma.gob.ar\/index.php?rest_route=\/wp\/v2\/posts"}],"about":[{"href":"https:\/\/cultura.sma.gob.ar\/index.php?rest_route=\/wp\/v2\/types\/post"}],"author":[{"embeddable":true,"href":"https:\/\/cultura.sma.gob.ar\/index.php?rest_route=\/wp\/v2\/users\/1"}],"replies":[{"embeddable":true,"href":"https:\/\/cultura.sma.gob.ar\/index.php?rest_route=%2Fwp%2Fv2%2Fcomments&post=6099"}],"version-history":[{"count":1,"href":"https:\/\/cultura.sma.gob.ar\/index.php?rest_route=\/wp\/v2\/posts\/6099\/revisions"}],"predecessor-version":[{"id":6101,"href":"https:\/\/cultura.sma.gob.ar\/index.php?rest_route=\/wp\/v2\/posts\/6099\/revisions\/6101"}],"wp:featuredmedia":[{"embeddable":true,"href":"https:\/\/cultura.sma.gob.ar\/index.php?rest_route=\/wp\/v2\/media\/292"}],"wp:attachment":[{"href":"https:\/\/cultura.sma.gob.ar\/index.php?rest_route=%2Fwp%2Fv2%2Fmedia&parent=6099"}],"wp:term":[{"taxonomy":"category","embeddable":true,"href":"https:\/\/cultura.sma.gob.ar\/index.php?rest_route=%2Fwp%2Fv2%2Fcategories&post=6099"},{"taxonomy":"post_tag","embeddable":true,"href":"https:\/\/cultura.sma.gob.ar\/index.php?rest_route=%2Fwp%2Fv2%2Ftags&post=6099"}],"curies":[{"name":"wp","href":"https:\/\/api.w.org\/{rel}","templated":true}]}}