{"id":6083,"date":"2024-09-23T09:36:09","date_gmt":"2024-09-23T12:36:09","guid":{"rendered":"http:\/\/cultura.sma.gob.ar\/?p=6083"},"modified":"2024-09-23T09:36:09","modified_gmt":"2024-09-23T12:36:09","slug":"finalizo-el-2-congreso-de-patrimonio-cultural-de-san-martin-de-los-andes","status":"publish","type":"post","link":"https:\/\/cultura.sma.gob.ar\/?p=6083","title":{"rendered":"Finaliz\u00f3 el 2\u00b0 Congreso de Patrimonio Cultural de San Mart\u00edn de los Andes"},"content":{"rendered":"\n<figure class=\"wp-block-image size-large\"><img loading=\"lazy\" decoding=\"async\" width=\"1024\" height=\"684\" src=\"https:\/\/cultura.sma.gob.ar\/wp-content\/uploads\/2024\/09\/WhatsApp-Image-2024-09-22-at-4.10.38-PM-1024x684.jpeg\" alt=\"\" class=\"wp-image-6084\" srcset=\"https:\/\/cultura.sma.gob.ar\/wp-content\/uploads\/2024\/09\/WhatsApp-Image-2024-09-22-at-4.10.38-PM-1024x684.jpeg 1024w, https:\/\/cultura.sma.gob.ar\/wp-content\/uploads\/2024\/09\/WhatsApp-Image-2024-09-22-at-4.10.38-PM-300x200.jpeg 300w, https:\/\/cultura.sma.gob.ar\/wp-content\/uploads\/2024\/09\/WhatsApp-Image-2024-09-22-at-4.10.38-PM-768x513.jpeg 768w, https:\/\/cultura.sma.gob.ar\/wp-content\/uploads\/2024\/09\/WhatsApp-Image-2024-09-22-at-4.10.38-PM-1536x1025.jpeg 1536w, https:\/\/cultura.sma.gob.ar\/wp-content\/uploads\/2024\/09\/WhatsApp-Image-2024-09-22-at-4.10.38-PM-135x90.jpeg 135w, https:\/\/cultura.sma.gob.ar\/wp-content\/uploads\/2024\/09\/WhatsApp-Image-2024-09-22-at-4.10.38-PM.jpeg 1600w\" sizes=\"auto, (max-width: 1024px) 100vw, 1024px\" \/><\/figure>\n\n\n\n<p>El 2\u00ba Congreso de Patrimonio Cultural de San Mart\u00edn de los Andes se desarroll\u00f3 en la Sala Municipal de Exposiciones Lidaura Chapitel durante los d\u00edas 19, 20 y 21 de septiembre de 2024. Organizado por la Municipalidad, a trav\u00e9s de la Secretar\u00eda de Cultura y la Comisi\u00f3n Municipal de Preservaci\u00f3n del Patrimonio Cultural, fue declarado de inter\u00e9s cultural por la Secretar\u00eda de Cultura de la Naci\u00f3n, Ministerio de Capital Humano, por Resoluci\u00f3n N\u00ba 129\/24.\u00a0<\/p>\n\n\n\n<p>La programaci\u00f3n incluy\u00f3 23 actividades, entre propuestas, comunicaciones de profesionales de nuestra ciudad y de otras ciudades del pa\u00eds, conferencias magistrales y foros de debate. Cada actividad tuvo en promedio una asistencia de 40 personas.<\/p>\n\n\n\n<figure class=\"wp-block-image size-large\"><img loading=\"lazy\" decoding=\"async\" width=\"1024\" height=\"684\" src=\"https:\/\/cultura.sma.gob.ar\/wp-content\/uploads\/2024\/09\/WhatsApp-Image-2024-09-22-at-4.10.38-PM-1-1024x684.jpeg\" alt=\"\" class=\"wp-image-6085\" srcset=\"https:\/\/cultura.sma.gob.ar\/wp-content\/uploads\/2024\/09\/WhatsApp-Image-2024-09-22-at-4.10.38-PM-1-1024x684.jpeg 1024w, https:\/\/cultura.sma.gob.ar\/wp-content\/uploads\/2024\/09\/WhatsApp-Image-2024-09-22-at-4.10.38-PM-1-300x200.jpeg 300w, https:\/\/cultura.sma.gob.ar\/wp-content\/uploads\/2024\/09\/WhatsApp-Image-2024-09-22-at-4.10.38-PM-1-768x513.jpeg 768w, https:\/\/cultura.sma.gob.ar\/wp-content\/uploads\/2024\/09\/WhatsApp-Image-2024-09-22-at-4.10.38-PM-1-1536x1025.jpeg 1536w, https:\/\/cultura.sma.gob.ar\/wp-content\/uploads\/2024\/09\/WhatsApp-Image-2024-09-22-at-4.10.38-PM-1-135x90.jpeg 135w, https:\/\/cultura.sma.gob.ar\/wp-content\/uploads\/2024\/09\/WhatsApp-Image-2024-09-22-at-4.10.38-PM-1.jpeg 1600w\" sizes=\"auto, (max-width: 1024px) 100vw, 1024px\" \/><\/figure>\n\n\n\n<p>Para la selecci\u00f3n de propuestas y fiscalizaci\u00f3n del desarrollo de los Foros de Debate se cont\u00f3 con un Comit\u00e9 Acad\u00e9mico formado por representantes de la Subsecretar\u00eda de Cultura del Gobierno de la Provincia del Neuqu\u00e9n, la Facultad de Turismo de la UNCo, la Universidad Tecnol\u00f3gica Nacional, el Colegio de Arquitectos de la Provincia del Neuqu\u00e9n &#8211; Regional 3 y el Colegio de Ingenieros del Neuqu\u00e9n Zona Sur.<\/p>\n\n\n\n<p>Adem\u00e1s, el evento cont\u00f3 con el apoyo del Complejo Casa de las Leyes y la Legislatura de la Provincia del Neuqu\u00e9n y el acompa\u00f1amiento del Colegio de Arquitectos del Neuqu\u00e9n &#8211; Regional N\u00ba 3, el Colegio de Ingenieros del Neuqu\u00e9n Zona Sur y la Biblioteca Popular 9 de Julio.<\/p>\n\n\n\n<figure class=\"wp-block-image size-large\"><img loading=\"lazy\" decoding=\"async\" width=\"1024\" height=\"684\" src=\"https:\/\/cultura.sma.gob.ar\/wp-content\/uploads\/2024\/09\/WhatsApp-Image-2024-09-22-at-4.10.39-PM-1024x684.jpeg\" alt=\"\" class=\"wp-image-6086\" srcset=\"https:\/\/cultura.sma.gob.ar\/wp-content\/uploads\/2024\/09\/WhatsApp-Image-2024-09-22-at-4.10.39-PM-1024x684.jpeg 1024w, https:\/\/cultura.sma.gob.ar\/wp-content\/uploads\/2024\/09\/WhatsApp-Image-2024-09-22-at-4.10.39-PM-300x200.jpeg 300w, https:\/\/cultura.sma.gob.ar\/wp-content\/uploads\/2024\/09\/WhatsApp-Image-2024-09-22-at-4.10.39-PM-768x513.jpeg 768w, https:\/\/cultura.sma.gob.ar\/wp-content\/uploads\/2024\/09\/WhatsApp-Image-2024-09-22-at-4.10.39-PM-1536x1025.jpeg 1536w, https:\/\/cultura.sma.gob.ar\/wp-content\/uploads\/2024\/09\/WhatsApp-Image-2024-09-22-at-4.10.39-PM-135x90.jpeg 135w, https:\/\/cultura.sma.gob.ar\/wp-content\/uploads\/2024\/09\/WhatsApp-Image-2024-09-22-at-4.10.39-PM.jpeg 1600w\" sizes=\"auto, (max-width: 1024px) 100vw, 1024px\" \/><\/figure>\n\n\n\n<p>El Documento Final del Congreso, le\u00eddo al p\u00fablico presente en el cierre del evento y firmado por representantes del comit\u00e9 especializado, contiene instrumentos conceptuales que servir\u00e1n de base para ampliar el registro de bienes patrimoniales y adecuar las pr\u00e1cticas de gesti\u00f3n a los objetivos de desarrollo social y ambiental sustentable que requieren las generaciones presentes y futuras. Las propuestas y recomendaciones mencionadas en el mismo ser\u00e1n homologadas mediante un Decreto del Intendente Municipal y puestas a consideraci\u00f3n de la Comisi\u00f3n Municipal de Patrimonio Cultural.<\/p>\n","protected":false},"excerpt":{"rendered":"<p>El 2\u00ba Congreso de Patrimonio Cultural de San Mart\u00edn de los Andes se desarroll\u00f3 en la Sala Municipal de Exposiciones Lidaura Chapitel durante los d\u00edas 19, 20 y 21 de septiembre de 2024. Organizado por la Municipalidad, a trav\u00e9s de la Secretar\u00eda de Cultura y la Comisi\u00f3n Municipal de Preservaci\u00f3n del Patrimonio Cultural, fue declarado de inter\u00e9s cultural por la Secretar\u00eda de Cultura de la &hellip; <a href=\"https:\/\/cultura.sma.gob.ar\/?p=6083\" class=\"more-link\">Continue reading <span class=\"screen-reader-text\">Finaliz\u00f3 el 2\u00b0 Congreso de Patrimonio Cultural de San Mart\u00edn de los Andes<\/span><\/a><\/p>\n","protected":false},"author":1,"featured_media":291,"comment_status":"closed","ping_status":"","sticky":false,"template":"","format":"image","meta":{"footnotes":""},"categories":[5,9],"tags":[],"class_list":["post-6083","post","type-post","status-publish","format-image","has-post-thumbnail","hentry","category-patrimonio-cultural","category-ultimas-noticias","post_format-post-format-image"],"_links":{"self":[{"href":"https:\/\/cultura.sma.gob.ar\/index.php?rest_route=\/wp\/v2\/posts\/6083","targetHints":{"allow":["GET"]}}],"collection":[{"href":"https:\/\/cultura.sma.gob.ar\/index.php?rest_route=\/wp\/v2\/posts"}],"about":[{"href":"https:\/\/cultura.sma.gob.ar\/index.php?rest_route=\/wp\/v2\/types\/post"}],"author":[{"embeddable":true,"href":"https:\/\/cultura.sma.gob.ar\/index.php?rest_route=\/wp\/v2\/users\/1"}],"replies":[{"embeddable":true,"href":"https:\/\/cultura.sma.gob.ar\/index.php?rest_route=%2Fwp%2Fv2%2Fcomments&post=6083"}],"version-history":[{"count":1,"href":"https:\/\/cultura.sma.gob.ar\/index.php?rest_route=\/wp\/v2\/posts\/6083\/revisions"}],"predecessor-version":[{"id":6087,"href":"https:\/\/cultura.sma.gob.ar\/index.php?rest_route=\/wp\/v2\/posts\/6083\/revisions\/6087"}],"wp:featuredmedia":[{"embeddable":true,"href":"https:\/\/cultura.sma.gob.ar\/index.php?rest_route=\/wp\/v2\/media\/291"}],"wp:attachment":[{"href":"https:\/\/cultura.sma.gob.ar\/index.php?rest_route=%2Fwp%2Fv2%2Fmedia&parent=6083"}],"wp:term":[{"taxonomy":"category","embeddable":true,"href":"https:\/\/cultura.sma.gob.ar\/index.php?rest_route=%2Fwp%2Fv2%2Fcategories&post=6083"},{"taxonomy":"post_tag","embeddable":true,"href":"https:\/\/cultura.sma.gob.ar\/index.php?rest_route=%2Fwp%2Fv2%2Ftags&post=6083"}],"curies":[{"name":"wp","href":"https:\/\/api.w.org\/{rel}","templated":true}]}}