{"id":6078,"date":"2024-09-18T09:10:16","date_gmt":"2024-09-18T12:10:16","guid":{"rendered":"http:\/\/cultura.sma.gob.ar\/?p=6078"},"modified":"2024-09-18T09:10:16","modified_gmt":"2024-09-18T12:10:16","slug":"charla-abierta-introduccion-a-la-observacion-de-aves-sala-gunther-blaas","status":"publish","type":"post","link":"https:\/\/cultura.sma.gob.ar\/?p=6078","title":{"rendered":"Charla abierta: &#8220;Introducci\u00f3n a la observaci\u00f3n de aves&#8221; &#8211; Sala G\u00fcnther Blaas"},"content":{"rendered":"\n<figure class=\"wp-block-image size-large\"><img loading=\"lazy\" decoding=\"async\" width=\"576\" height=\"1024\" src=\"https:\/\/cultura.sma.gob.ar\/wp-content\/uploads\/2024\/09\/Charla-COA_20240915_095931_0000-576x1024.png\" alt=\"\" class=\"wp-image-6079\" srcset=\"https:\/\/cultura.sma.gob.ar\/wp-content\/uploads\/2024\/09\/Charla-COA_20240915_095931_0000-576x1024.png 576w, https:\/\/cultura.sma.gob.ar\/wp-content\/uploads\/2024\/09\/Charla-COA_20240915_095931_0000-169x300.png 169w, https:\/\/cultura.sma.gob.ar\/wp-content\/uploads\/2024\/09\/Charla-COA_20240915_095931_0000-768x1365.png 768w, https:\/\/cultura.sma.gob.ar\/wp-content\/uploads\/2024\/09\/Charla-COA_20240915_095931_0000-864x1536.png 864w, https:\/\/cultura.sma.gob.ar\/wp-content\/uploads\/2024\/09\/Charla-COA_20240915_095931_0000-51x90.png 51w, https:\/\/cultura.sma.gob.ar\/wp-content\/uploads\/2024\/09\/Charla-COA_20240915_095931_0000.png 1080w\" sizes=\"auto, (max-width: 576px) 100vw, 576px\" \/><\/figure>\n\n\n\n<p>Desde el Club de Observadores de Aves Cauqu\u00e9n Real de San Martin de los Andes, queremos invitarte a la charla <strong><em>\u201cIntroducci\u00f3n a la observaci\u00f3n de aves\u201d,<\/em><\/strong> a realizarse el d\u00eda viernes 27 de septiembre de 19 a 21 horas, en la Sala G\u00fcnther Blass del Centro Cultural Cotesma, sito en calle Gral. Roca 1154.&nbsp;<\/p>\n\n\n\n<p>El COA Cauqu\u00e9n Real es coordinado por Aves Argentinas, y como miembros, deseamos compartir nuestra pasi\u00f3n y conocimiento sobre las aves; hace 17 a\u00f1os que realizamos actividades inherentes a conocer el ambiente y las especies que lo habitan, entendiendo nuestra presencia como una oportunidad para saber de ellas y as\u00ed protegerlas.&nbsp;<\/p>\n\n\n\n<p>No te pierdas esta charla, donde obtendr\u00e1s herramientas b\u00e1sicas para la observaci\u00f3n de aves.&nbsp;&nbsp;<\/p>\n","protected":false},"excerpt":{"rendered":"<p>Desde el Club de Observadores de Aves Cauqu\u00e9n Real de San Martin de los Andes, queremos invitarte a la charla \u201cIntroducci\u00f3n a la observaci\u00f3n de aves\u201d, a realizarse el d\u00eda viernes 27 de septiembre de 19 a 21 horas, en la Sala G\u00fcnther Blass del Centro Cultural Cotesma, sito en calle Gral. Roca 1154.&nbsp; El COA Cauqu\u00e9n Real es coordinado por Aves Argentinas, y como &hellip; <a href=\"https:\/\/cultura.sma.gob.ar\/?p=6078\" class=\"more-link\">Continue reading <span class=\"screen-reader-text\">Charla abierta: &#8220;Introducci\u00f3n a la observaci\u00f3n de aves&#8221; &#8211; Sala G\u00fcnther Blaas<\/span><\/a><\/p>\n","protected":false},"author":1,"featured_media":297,"comment_status":"closed","ping_status":"","sticky":false,"template":"","format":"image","meta":{"footnotes":""},"categories":[2,9],"tags":[],"class_list":["post-6078","post","type-post","status-publish","format-image","has-post-thumbnail","hentry","category-ciudad-cultural","category-ultimas-noticias","post_format-post-format-image"],"_links":{"self":[{"href":"https:\/\/cultura.sma.gob.ar\/index.php?rest_route=\/wp\/v2\/posts\/6078","targetHints":{"allow":["GET"]}}],"collection":[{"href":"https:\/\/cultura.sma.gob.ar\/index.php?rest_route=\/wp\/v2\/posts"}],"about":[{"href":"https:\/\/cultura.sma.gob.ar\/index.php?rest_route=\/wp\/v2\/types\/post"}],"author":[{"embeddable":true,"href":"https:\/\/cultura.sma.gob.ar\/index.php?rest_route=\/wp\/v2\/users\/1"}],"replies":[{"embeddable":true,"href":"https:\/\/cultura.sma.gob.ar\/index.php?rest_route=%2Fwp%2Fv2%2Fcomments&post=6078"}],"version-history":[{"count":1,"href":"https:\/\/cultura.sma.gob.ar\/index.php?rest_route=\/wp\/v2\/posts\/6078\/revisions"}],"predecessor-version":[{"id":6080,"href":"https:\/\/cultura.sma.gob.ar\/index.php?rest_route=\/wp\/v2\/posts\/6078\/revisions\/6080"}],"wp:featuredmedia":[{"embeddable":true,"href":"https:\/\/cultura.sma.gob.ar\/index.php?rest_route=\/wp\/v2\/media\/297"}],"wp:attachment":[{"href":"https:\/\/cultura.sma.gob.ar\/index.php?rest_route=%2Fwp%2Fv2%2Fmedia&parent=6078"}],"wp:term":[{"taxonomy":"category","embeddable":true,"href":"https:\/\/cultura.sma.gob.ar\/index.php?rest_route=%2Fwp%2Fv2%2Fcategories&post=6078"},{"taxonomy":"post_tag","embeddable":true,"href":"https:\/\/cultura.sma.gob.ar\/index.php?rest_route=%2Fwp%2Fv2%2Ftags&post=6078"}],"curies":[{"name":"wp","href":"https:\/\/api.w.org\/{rel}","templated":true}]}}