{"id":6070,"date":"2024-09-12T12:51:06","date_gmt":"2024-09-12T15:51:06","guid":{"rendered":"http:\/\/cultura.sma.gob.ar\/?p=6070"},"modified":"2024-09-12T12:51:06","modified_gmt":"2024-09-12T15:51:06","slug":"este-jueves-inicia-el-2-congreso-de-patrimonio-cultural-en-san-martin-de-los-andes","status":"publish","type":"post","link":"https:\/\/cultura.sma.gob.ar\/?p=6070","title":{"rendered":"Este jueves inicia el 2\u00b0 Congreso de Patrimonio Cultural en San Mart\u00edn de los Andes"},"content":{"rendered":"\n<figure class=\"wp-block-image size-large\"><img loading=\"lazy\" decoding=\"async\" width=\"505\" height=\"503\" src=\"https:\/\/cultura.sma.gob.ar\/wp-content\/uploads\/2024\/09\/Screenshot-2024-09-12-12.42.55-PM-1.png\" alt=\"\" class=\"wp-image-6071\" srcset=\"https:\/\/cultura.sma.gob.ar\/wp-content\/uploads\/2024\/09\/Screenshot-2024-09-12-12.42.55-PM-1.png 505w, https:\/\/cultura.sma.gob.ar\/wp-content\/uploads\/2024\/09\/Screenshot-2024-09-12-12.42.55-PM-1-300x300.png 300w, https:\/\/cultura.sma.gob.ar\/wp-content\/uploads\/2024\/09\/Screenshot-2024-09-12-12.42.55-PM-1-150x150.png 150w, https:\/\/cultura.sma.gob.ar\/wp-content\/uploads\/2024\/09\/Screenshot-2024-09-12-12.42.55-PM-1-90x90.png 90w\" sizes=\"auto, (max-width: 505px) 100vw, 505px\" \/><\/figure>\n\n\n\n<p>La Secretar\u00eda de Cultura, a trav\u00e9s del Departamento de Patrimonio Hist\u00f3rico y Ciencias, invita a la comunidad a participar en la programaci\u00f3n del 2\u00ba Congreso de Patrimonio Cultural de San Mart\u00edn de los Andes, <strong>que se realizar\u00e1 el 19, 20 y 21 de septiembre de 2024.<\/strong> El evento tendr\u00e1 lugar <strong>en la Sala Municipal de Exposiciones \u201cLidaura Chapitel\u201d.<\/strong><\/p>\n\n\n\n<p>El 2\u00ba Congreso de Patrimonio Cultural de San Mart\u00edn de los Andes propone afianzar las instancias de participaci\u00f3n ciudadana que comenzaron en la anterior edici\u00f3n, para incorporar bienes tangibles e intangibles a las categor\u00edas de patrimonio cultural que contempla la Ordenanza N\u00ba 13.532\/22<\/p>\n\n\n\n<p><strong>Hay varias formas de participar:<\/strong><\/p>\n\n\n\n<p><img loading=\"lazy\" decoding=\"async\" width=\"16\" height=\"16\" alt=\"\ud83d\udd30\" src=\"https:\/\/lh7-rt.googleusercontent.com\/docsz\/AD_4nXd5pU_W61jIL_e_v0rTAYXt77hHXzgjG9XubLeR6AMP5UX46xtVr8fzb-bpsfzNm17F9QO2oEsLnTD8Jxa5VJhuuLZJBFkekJ1MFPzfojYGw6PqN5B-5hXZtkkAQQUA34Lq2UqRSo_HC_vfhRmA5wwB29pGGip6auE1ddHSX_XsYqW38YCSKHA?key=LSfD0Rm1Q_6tbH-GZTBRCg\"> Como oyente de las comunicaciones y charlas magistrales. Entrada libre y gratuita. Consult\u00e1 el <a href=\"https:\/\/cultura.sma.gob.ar\/2024\/09\/12\/programa-completo-del-2-congreso-de-patrimonio-cultural-dia-por-dia\/\">PROGRAMA COMPLETO d\u00eda por d\u00eda en este enlace.<\/a><\/p>\n\n\n\n<p><img loading=\"lazy\" decoding=\"async\" width=\"16\" height=\"16\" alt=\"\ud83d\udd30\" src=\"https:\/\/lh7-rt.googleusercontent.com\/docsz\/AD_4nXd5pU_W61jIL_e_v0rTAYXt77hHXzgjG9XubLeR6AMP5UX46xtVr8fzb-bpsfzNm17F9QO2oEsLnTD8Jxa5VJhuuLZJBFkekJ1MFPzfojYGw6PqN5B-5hXZtkkAQQUA34Lq2UqRSo_HC_vfhRmA5wwB29pGGip6auE1ddHSX_XsYqW38YCSKHA?key=LSfD0Rm1Q_6tbH-GZTBRCg\">\u00a0En forma presencial en los Foros de Debate para incorporar bienes al Patrimonio Cultural de nuestra ciudad, con entrada libre y gratuita:<\/p>\n\n\n\n<p><strong>Jueves 19 &#8211; 17:30hs &#8211; FORO DEBATE<\/strong>. Patrimonio arquitect\u00f3nico, urbano y paisaj\u00edstico.\u00a0 Propuesta de incorporaci\u00f3n de bienes: Casa \u201cEl<br>Barquito\u201d, Galp\u00f3n de Creide, Conjunto Gentilli,\u00a0 Casa Figueroa, Casa Hopichler y Parroquia San Jos\u00e9.<\/p>\n\n\n\n<p><strong>Viernes 20 &#8211; 17:30 hs &#8211; FORO DEBATE<\/strong>. Patrimonio arquitect\u00f3nico, urbano y paisaj\u00edstico. Propuesta de incorporaci\u00f3n de bienes: \u00c1rboles<br>singulares del casco c\u00e9ntrico. Propuesta de incorporaci\u00f3n de \u00e1reas y corredores hist\u00f3ricos (Informe CFI 2024).<\/p>\n\n\n\n<p><img loading=\"lazy\" decoding=\"async\" width=\"16\" height=\"16\" alt=\"\ud83d\udd30\" src=\"https:\/\/lh7-rt.googleusercontent.com\/docsz\/AD_4nXd5pU_W61jIL_e_v0rTAYXt77hHXzgjG9XubLeR6AMP5UX46xtVr8fzb-bpsfzNm17F9QO2oEsLnTD8Jxa5VJhuuLZJBFkekJ1MFPzfojYGw6PqN5B-5hXZtkkAQQUA34Lq2UqRSo_HC_vfhRmA5wwB29pGGip6auE1ddHSX_XsYqW38YCSKHA?key=LSfD0Rm1Q_6tbH-GZTBRCg\">\u00a0En calidad de &#8220;PARTICIPANTE ACTIVO&#8221; (inscripci\u00f3n previa y arancel de $10.000 general, y gratuito para estudiantes). Esta modalidad otorga certificado de asistencia a quienes presencian las comunicaciones y propuestas (requisito 90% de asistencia). Los estudiantes deber\u00e1n presentar un certificado de alumno regular para efectuar la gratuidad.<\/p>\n\n\n\n<p>Para realizar consultas sobre el congreso y sus actividades, dirigirse por mail a congresoculturalsma@gmail.com o por tel\u00e9fono llamando al 412306.<\/p>\n","protected":false},"excerpt":{"rendered":"<p>La Secretar\u00eda de Cultura, a trav\u00e9s del Departamento de Patrimonio Hist\u00f3rico y Ciencias, invita a la comunidad a participar en la programaci\u00f3n del 2\u00ba Congreso de Patrimonio Cultural de San Mart\u00edn de los Andes, que se realizar\u00e1 el 19, 20 y 21 de septiembre de 2024. El evento tendr\u00e1 lugar en la Sala Municipal de Exposiciones \u201cLidaura Chapitel\u201d. El 2\u00ba Congreso de Patrimonio Cultural de &hellip; <a href=\"https:\/\/cultura.sma.gob.ar\/?p=6070\" class=\"more-link\">Continue reading <span class=\"screen-reader-text\">Este jueves inicia el 2\u00b0 Congreso de Patrimonio Cultural en San Mart\u00edn de los Andes<\/span><\/a><\/p>\n","protected":false},"author":1,"featured_media":291,"comment_status":"closed","ping_status":"","sticky":false,"template":"","format":"image","meta":{"footnotes":""},"categories":[5,9],"tags":[],"class_list":["post-6070","post","type-post","status-publish","format-image","has-post-thumbnail","hentry","category-patrimonio-cultural","category-ultimas-noticias","post_format-post-format-image"],"_links":{"self":[{"href":"https:\/\/cultura.sma.gob.ar\/index.php?rest_route=\/wp\/v2\/posts\/6070","targetHints":{"allow":["GET"]}}],"collection":[{"href":"https:\/\/cultura.sma.gob.ar\/index.php?rest_route=\/wp\/v2\/posts"}],"about":[{"href":"https:\/\/cultura.sma.gob.ar\/index.php?rest_route=\/wp\/v2\/types\/post"}],"author":[{"embeddable":true,"href":"https:\/\/cultura.sma.gob.ar\/index.php?rest_route=\/wp\/v2\/users\/1"}],"replies":[{"embeddable":true,"href":"https:\/\/cultura.sma.gob.ar\/index.php?rest_route=%2Fwp%2Fv2%2Fcomments&post=6070"}],"version-history":[{"count":1,"href":"https:\/\/cultura.sma.gob.ar\/index.php?rest_route=\/wp\/v2\/posts\/6070\/revisions"}],"predecessor-version":[{"id":6072,"href":"https:\/\/cultura.sma.gob.ar\/index.php?rest_route=\/wp\/v2\/posts\/6070\/revisions\/6072"}],"wp:featuredmedia":[{"embeddable":true,"href":"https:\/\/cultura.sma.gob.ar\/index.php?rest_route=\/wp\/v2\/media\/291"}],"wp:attachment":[{"href":"https:\/\/cultura.sma.gob.ar\/index.php?rest_route=%2Fwp%2Fv2%2Fmedia&parent=6070"}],"wp:term":[{"taxonomy":"category","embeddable":true,"href":"https:\/\/cultura.sma.gob.ar\/index.php?rest_route=%2Fwp%2Fv2%2Fcategories&post=6070"},{"taxonomy":"post_tag","embeddable":true,"href":"https:\/\/cultura.sma.gob.ar\/index.php?rest_route=%2Fwp%2Fv2%2Ftags&post=6070"}],"curies":[{"name":"wp","href":"https:\/\/api.w.org\/{rel}","templated":true}]}}