{"id":607,"date":"2020-11-05T00:06:49","date_gmt":"2020-11-05T03:06:49","guid":{"rendered":"http:\/\/cultura.sma.gob.ar\/?p=607"},"modified":"2020-11-05T00:06:49","modified_gmt":"2020-11-05T03:06:49","slug":"eduardo-bedetti-14-feria-regional-del-libro","status":"publish","type":"post","link":"https:\/\/cultura.sma.gob.ar\/?p=607","title":{"rendered":"Eduardo Bedetti | 14\u00b0 Feria Regional del Libro"},"content":{"rendered":"\n<figure class=\"wp-block-image size-large\"><img loading=\"lazy\" decoding=\"async\" width=\"771\" height=\"785\" src=\"http:\/\/cultura.sma.gob.ar\/wp-content\/uploads\/2020\/11\/EDUARDO-BEDETTI.png\" alt=\"\" class=\"wp-image-608\" srcset=\"https:\/\/cultura.sma.gob.ar\/wp-content\/uploads\/2020\/11\/EDUARDO-BEDETTI.png 771w, https:\/\/cultura.sma.gob.ar\/wp-content\/uploads\/2020\/11\/EDUARDO-BEDETTI-295x300.png 295w, https:\/\/cultura.sma.gob.ar\/wp-content\/uploads\/2020\/11\/EDUARDO-BEDETTI-768x782.png 768w, https:\/\/cultura.sma.gob.ar\/wp-content\/uploads\/2020\/11\/EDUARDO-BEDETTI-88x90.png 88w\" sizes=\"auto, (max-width: 771px) 100vw, 771px\" \/><\/figure>\n\n\n\n<p>Por <strong>Biblioteca Popular 9 de Julio<\/strong><\/p>\n\n\n\n<ul class=\"wp-block-list\"><li>Lunes 9 &#8211; 17:15hs &#8211; Presentaci\u00f3n v\u00eda Zoom<\/li><\/ul>\n\n\n\n<p><strong>Encuentro filos\u00f3fico. Charla sobre \u201cLa peste\u201d,&nbsp; de Albert Camus<\/strong><\/p>\n\n\n\n<p>La \u00e9tica de la decisi\u00f3n como sentido: planteo humanista desde la obra de Camus, con preguntas e intervenci\u00f3n de dos j\u00f3venes invitados y el Profesor Eduardo Bedetti.<\/p>\n","protected":false},"excerpt":{"rendered":"<p>Presentaci\u00f3n virtual <a href=\"https:\/\/cultura.sma.gob.ar\/?p=607\" class=\"more-link\">Continue reading <span class=\"screen-reader-text\">Eduardo Bedetti | 14\u00b0 Feria Regional del Libro<\/span><\/a><\/p>\n","protected":false},"author":1,"featured_media":296,"comment_status":"closed","ping_status":"","sticky":false,"template":"","format":"image","meta":{"footnotes":""},"categories":[3,9],"tags":[],"class_list":["post-607","post","type-post","status-publish","format-image","has-post-thumbnail","hentry","category-eventos-cultura","category-ultimas-noticias","post_format-post-format-image"],"_links":{"self":[{"href":"https:\/\/cultura.sma.gob.ar\/index.php?rest_route=\/wp\/v2\/posts\/607","targetHints":{"allow":["GET"]}}],"collection":[{"href":"https:\/\/cultura.sma.gob.ar\/index.php?rest_route=\/wp\/v2\/posts"}],"about":[{"href":"https:\/\/cultura.sma.gob.ar\/index.php?rest_route=\/wp\/v2\/types\/post"}],"author":[{"embeddable":true,"href":"https:\/\/cultura.sma.gob.ar\/index.php?rest_route=\/wp\/v2\/users\/1"}],"replies":[{"embeddable":true,"href":"https:\/\/cultura.sma.gob.ar\/index.php?rest_route=%2Fwp%2Fv2%2Fcomments&post=607"}],"version-history":[{"count":1,"href":"https:\/\/cultura.sma.gob.ar\/index.php?rest_route=\/wp\/v2\/posts\/607\/revisions"}],"predecessor-version":[{"id":609,"href":"https:\/\/cultura.sma.gob.ar\/index.php?rest_route=\/wp\/v2\/posts\/607\/revisions\/609"}],"wp:featuredmedia":[{"embeddable":true,"href":"https:\/\/cultura.sma.gob.ar\/index.php?rest_route=\/wp\/v2\/media\/296"}],"wp:attachment":[{"href":"https:\/\/cultura.sma.gob.ar\/index.php?rest_route=%2Fwp%2Fv2%2Fmedia&parent=607"}],"wp:term":[{"taxonomy":"category","embeddable":true,"href":"https:\/\/cultura.sma.gob.ar\/index.php?rest_route=%2Fwp%2Fv2%2Fcategories&post=607"},{"taxonomy":"post_tag","embeddable":true,"href":"https:\/\/cultura.sma.gob.ar\/index.php?rest_route=%2Fwp%2Fv2%2Ftags&post=607"}],"curies":[{"name":"wp","href":"https:\/\/api.w.org\/{rel}","templated":true}]}}